{"id":27377,"date":"2013-02-06T00:00:00","date_gmt":"2013-02-06T02:00:00","guid":{"rendered":"https:\/\/www.cnbb.org.br\/papa-e-cardeais-votam-causas-de-canonizacao\/"},"modified":"2013-02-06T00:00:00","modified_gmt":"2013-02-06T02:00:00","slug":"papa-e-cardeais-votam-causas-de-canonizacao","status":"publish","type":"post","link":"https:\/\/www.cnbb.org.br\/papa-e-cardeais-votam-causas-de-canonizacao\/","title":{"rendered":"Papa e Cardeais votam causas de canoniza\u00e7\u00e3o"},"content":{"rendered":"<p style=\"text-align: justify\">Bento XVI vai presidir na pr\u00f3xima segunda-feira, 11 de feevreiro, em Roma, um consist\u00f3rio ordin\u00e1rio p\u00fablico para votar as causas de canoniza\u00e7\u00e3o de tr\u00eas novos santos da Igreja Cat\u00f3lica: um m\u00e1rtir e duas fundadoras de institutos religiosos.<\/p>\n<p>  <!--more-->  <\/p>\n<p style=\"text-align: justify\">De acordo com o Escrit\u00f3rio de Celebra\u00e7\u00f5es Lit\u00fargicas do Vaticano, os candidatos s\u00e3o Maria Guadalupe, Laura de Santa Catarina de Sena e Ant\u00f4nio Primaldo. Maria Guadalupe (1878-1963), mexicana, foi uma das fundadoras da Congrega\u00e7\u00e3o das Servas de Santa Margarida Maria e dos Pobres.<\/p>\n<p style=\"text-align: justify\">A colombiana Laura de Santa Catarina de Sena (1874-1949) fundou a Congrega\u00e7\u00e3o das Irm\u00e3s Mission\u00e1rias da Beata Virgem Maria Imaculada e de Santa Catarina de Sena. J\u00e1 o m\u00e1rtir italiano Antonio Primaldo, foi assassinado com cerca de 800 companheiros leigos \u201cpor \u00f3dio \u00e0 f\u00e9\u201d em agosto de 1480, na cidade de Otranto, (sul) durante uma invas\u00e3o de tropas turcas.<\/p>\n<p style=\"text-align: justify\">No consist\u00f3rio, os cardeais se unem ao Pont\u00edfice para decidir sobre temas importantes ou participar de atos solenes.<\/p>\n","protected":false},"excerpt":{"rendered":"<p>Bento XVI vai presidir na pr\u00f3xima segunda-feira, 11 de feevreiro, em Roma, um consist\u00f3rio ordin\u00e1rio p\u00fablico para votar as causas de canoniza\u00e7\u00e3o de tr\u00eas novos santos da Igreja Cat\u00f3lica: um m\u00e1rtir e duas fundadoras de institutos religiosos.<\/p>\n","protected":false},"author":83,"featured_media":0,"comment_status":"open","ping_status":"open","sticky":false,"template":"","format":"standard","meta":{"site-sidebar-layout":"default","site-content-layout":"default","ast-global-header-display":"","ast-banner-title-visibility":"","ast-main-header-display":"","ast-hfb-above-header-display":"","ast-hfb-below-header-display":"","ast-hfb-mobile-header-display":"","site-post-title":"","ast-breadcrumbs-content":"","ast-featured-img":"","footer-sml-layout":"","theme-transparent-header-meta":"","adv-header-id-meta":"","stick-header-meta":"","header-above-stick-meta":"","header-main-stick-meta":"","header-below-stick-meta":""},"categories":[784],"tags":[],"acf":[],"_links":{"self":[{"href":"https:\/\/www.cnbb.org.br\/cnbb-app\/wp\/v2\/posts\/27377"}],"collection":[{"href":"https:\/\/www.cnbb.org.br\/cnbb-app\/wp\/v2\/posts"}],"about":[{"href":"https:\/\/www.cnbb.org.br\/cnbb-app\/wp\/v2\/types\/post"}],"author":[{"embeddable":true,"href":"https:\/\/www.cnbb.org.br\/cnbb-app\/wp\/v2\/users\/83"}],"replies":[{"embeddable":true,"href":"https:\/\/www.cnbb.org.br\/cnbb-app\/wp\/v2\/comments?post=27377"}],"version-history":[{"count":0,"href":"https:\/\/www.cnbb.org.br\/cnbb-app\/wp\/v2\/posts\/27377\/revisions"}],"wp:attachment":[{"href":"https:\/\/www.cnbb.org.br\/cnbb-app\/wp\/v2\/media?parent=27377"}],"wp:term":[{"taxonomy":"category","embeddable":true,"href":"https:\/\/www.cnbb.org.br\/cnbb-app\/wp\/v2\/categories?post=27377"},{"taxonomy":"post_tag","embeddable":true,"href":"https:\/\/www.cnbb.org.br\/cnbb-app\/wp\/v2\/tags?post=27377"}],"curies":[{"name":"wp","href":"https:\/\/api.w.org\/{rel}","templated":true}]}}