{"id":27378,"date":"2013-02-11T00:00:00","date_gmt":"2013-02-11T02:00:00","guid":{"rendered":"https:\/\/www.cnbb.org.br\/bento-xvi-anuncia-demissao\/"},"modified":"2013-02-11T00:00:00","modified_gmt":"2013-02-11T02:00:00","slug":"bento-xvi-anuncia-demissao","status":"publish","type":"post","link":"https:\/\/www.cnbb.org.br\/bento-xvi-anuncia-demissao\/","title":{"rendered":"Bento XVI anuncia ren\u00fancia"},"content":{"rendered":"<p>A R\u00e1dio Vaticano divulgou a informa\u00e7\u00e3o de que o papa Bento XVI anunciou nesta segunda-feira que renunciar\u00e1 ao cargo no dia 28 de fevereiro. Eis o texto integral do an\u00fancio:<\/p>\n<p>  <!--more-->  <\/p>\n<p style=\"text-align: justify\">\u201cCar\u00edssimos Irm\u00e3os, convoquei-vos para este Consist\u00f3rio n\u00e3o s\u00f3 por causa das tr\u00eas canoniza\u00e7\u00f5es, mas tamb\u00e9m para vos comunicar uma decis\u00e3o de grande import\u00e2ncia para a vida da Igreja. Depois de ter examinado repetidamente a minha consci\u00eancia diante de Deus, cheguei \u00e0 certeza de que as minhas for\u00e7as, devido \u00e0 idade avan\u00e7ada, j\u00e1 n\u00e3o s\u00e3o id\u00f4neas para exercer adequadamente o minist\u00e9rio petrino. Estou bem consciente de que este minist\u00e9rio, pela sua ess\u00eancia espiritual, deve ser cumprido n\u00e3o s\u00f3 com as obras e com as palavras, mas tamb\u00e9m e igualmente sofrendo e rezando. Todavia, no mundo de hoje, sujeito a r\u00e1pidas mudan\u00e7as e agitado por quest\u00f5es de grande relev\u00e2ncia para a vida da f\u00e9, para governar a barca de S\u00e3o Pedro e anunciar o Evangelho, \u00e9 necess\u00e1rio tamb\u00e9m o vigor, quer do corpo, quer da mente; vigor este, que, nos \u00faltimos meses, foi diminuindo de tal modo em mim que tenho de reconhecer a minha incapacidade para administrar bem o minist\u00e9rio que me foi confiado. Por isso, bem consciente da gravidade deste ato, com plena liberdade, declaro que renuncio ao minist\u00e9rio de Bispo de Roma, Sucessor de S\u00e3o Pedro, que me foi confiado pela m\u00e3o dos Cardeais em 19 de Abril de 2005, pelo que, a partir de 28 de Fevereiro de 2013, \u00e0s 20,00 horas, a sede de Roma, a sede de S\u00e3o Pedro, ficar\u00e1 vacante e dever\u00e1 ser convocado, por aqueles a quem tal compete, o Conclave para a elei\u00e7\u00e3o do novo Sumo Pont\u00edfice.<\/p>\n<p style=\"text-align: justify\">Car\u00edssimos Irm\u00e3os, verdadeiramente de cora\u00e7\u00e3o vos agrade\u00e7o por todo o amor e a fadiga com que carregastes comigo o peso do meu minist\u00e9rio, e pe\u00e7o perd\u00e3o por todos os meus defeitos. Agora confiemos a Santa Igreja \u00e0 solicitude do seu Pastor Supremo, Nosso Senhor Jesus Cristo, e pe\u00e7amos a Maria, sua M\u00e3e Sant\u00edssima, que assista, com a sua bondade materna, os Padres Cardeais na elei\u00e7\u00e3o do novo Sumo Pont\u00edfice. Pelo que me diz respeito, nomeadamente no futuro, quero servir de todo o cora\u00e7\u00e3o, com uma vida consagrada \u00e0 ora\u00e7\u00e3o, a Santa Igreja de Deus&#8221;.<\/p>\n<p style=\"text-align: justify\">Vaticano, 10 de Fevereiro de 2013.<\/p>\n<p>BENEDICTUS PP XVI<\/p>\n","protected":false},"excerpt":{"rendered":"<p>A R\u00e1dio Vaticano divulgou a informa\u00e7\u00e3o de que o papa Bento XVI anunciou nesta segunda-feira que renunciar\u00e1 ao cargo no dia 28 de fevereiro. Eis o texto integral do an\u00fancio:<\/p>\n","protected":false},"author":83,"featured_media":27379,"comment_status":"open","ping_status":"open","sticky":false,"template":"","format":"standard","meta":{"site-sidebar-layout":"default","site-content-layout":"default","ast-global-header-display":"","ast-banner-title-visibility":"","ast-main-header-display":"","ast-hfb-above-header-display":"","ast-hfb-below-header-display":"","ast-hfb-mobile-header-display":"","site-post-title":"","ast-breadcrumbs-content":"","ast-featured-img":"","footer-sml-layout":"","theme-transparent-header-meta":"","adv-header-id-meta":"","stick-header-meta":"","header-above-stick-meta":"","header-main-stick-meta":"","header-below-stick-meta":""},"categories":[784],"tags":[],"acf":[],"_links":{"self":[{"href":"https:\/\/www.cnbb.org.br\/cnbb-app\/wp\/v2\/posts\/27378"}],"collection":[{"href":"https:\/\/www.cnbb.org.br\/cnbb-app\/wp\/v2\/posts"}],"about":[{"href":"https:\/\/www.cnbb.org.br\/cnbb-app\/wp\/v2\/types\/post"}],"author":[{"embeddable":true,"href":"https:\/\/www.cnbb.org.br\/cnbb-app\/wp\/v2\/users\/83"}],"replies":[{"embeddable":true,"href":"https:\/\/www.cnbb.org.br\/cnbb-app\/wp\/v2\/comments?post=27378"}],"version-history":[{"count":0,"href":"https:\/\/www.cnbb.org.br\/cnbb-app\/wp\/v2\/posts\/27378\/revisions"}],"wp:featuredmedia":[{"embeddable":true,"href":"https:\/\/www.cnbb.org.br\/cnbb-app\/wp\/v2\/media\/27379"}],"wp:attachment":[{"href":"https:\/\/www.cnbb.org.br\/cnbb-app\/wp\/v2\/media?parent=27378"}],"wp:term":[{"taxonomy":"category","embeddable":true,"href":"https:\/\/www.cnbb.org.br\/cnbb-app\/wp\/v2\/categories?post=27378"},{"taxonomy":"post_tag","embeddable":true,"href":"https:\/\/www.cnbb.org.br\/cnbb-app\/wp\/v2\/tags?post=27378"}],"curies":[{"name":"wp","href":"https:\/\/api.w.org\/{rel}","templated":true}]}}