{"id":27380,"date":"2013-02-13T00:00:00","date_gmt":"2013-02-13T02:00:00","guid":{"rendered":"https:\/\/www.cnbb.org.br\/pe-lombardi-novo-papa-se-sentira-apoiado-pela-oracao-de-bento-xvi\/"},"modified":"2013-02-13T00:00:00","modified_gmt":"2013-02-13T02:00:00","slug":"pe-lombardi-novo-papa-se-sentira-apoiado-pela-oracao-de-bento-xvi","status":"publish","type":"post","link":"https:\/\/www.cnbb.org.br\/pe-lombardi-novo-papa-se-sentira-apoiado-pela-oracao-de-bento-xvi\/","title":{"rendered":"Pe. Lombardi: novo Papa se sentir\u00e1 apoiado pela ora\u00e7\u00e3o de Bento XVI"},"content":{"rendered":"<p style=\"text-align: justify\"><span style=\"color: #282828;text-align: justify;font-size: 12px;line-height: 150%\" id=\"content2\"> O Papa est\u00e1 bem e muito sereno, n\u00e3o renunciou porque doente, mas somente por conta da fragilidade decorrente do envelhecimento: foi o que reiterou o diretor da Sala de Imprensa da Santa S\u00e9, Pe. Federico Lombardi, na coletiva desta ter\u00e7a-feira, 12 de fevereiro, concedida aos jornalistas um dia ap\u00f3s o an\u00fancio de ren\u00fancia do Santo Padre.<\/span><\/p>\n<p>  <!--more-->  <\/p>\n<p style=\"text-align: justify\">Bento XVI foi recentemente submetido a uma interven\u00e7\u00e3o de rotina para a substitui\u00e7\u00e3o da bateria do marca-passo, mas isso n\u00e3o tem peso em sua decis\u00e3o.<\/p>\n<p style=\"text-align: justify\">Pe. Lombardi confirmou todo o calend\u00e1rio de atividades do Papa at\u00e9 o dia 28 de fevereiro, \u00faltimo dia do Pontificado de Bento XVI, com os encontros com os bispos italianos em visita &#8216;ad Limina&#8217;, com os presidentes da Rom\u00eania e da Guatemala, os Angelus e as audi\u00eancias gerais, a \u00faltima destas, dia 27 de fevereiro, dever\u00e1 realizar-se na Pra\u00e7a S\u00e3o Pedro em previs\u00e3o de um consider\u00e1vel afluxo de fi\u00e9is. N\u00e3o haver\u00e1 a enc\u00edclica sobre a F\u00e9.<\/p>\n<p style=\"text-align: justify\">O diretor da Sala de Imprensa da Santa S\u00e9 convidou a se prestar aten\u00e7\u00e3o ao que o Papa dir\u00e1 nos pr\u00f3ximos dias, a partir desta Quarta-feira de Cinzas, quer na audi\u00eancia geral, quer na celebra\u00e7\u00e3o da Missa com o tradicional rito de imposi\u00e7\u00e3o das cinzas \u2013 a ser presidida na Bas\u00edlica de S\u00e3o Pedro.<\/p>\n<p style=\"text-align: justify\">Pe. Lombardi explicou tamb\u00e9m \u2013 como dito nesta segunda-feira pelo L&#8217;Osservatore Romano \u2013 que a viagem ao M\u00e9xico e a Cuba constituiu para Bento XVI, por causa do cansa\u00e7o, uma etapa de amadurecimento em rela\u00e7\u00e3o \u00e0 ren\u00fancia ao minist\u00e9rio, mas n\u00e3o uma decis\u00e3o definitiva nesse sentido.<\/p>\n<p style=\"text-align: justify\">Em seguida, o religioso jesu\u00edta ressaltou que n\u00e3o haver\u00e1 nenhum problema para o sucessor de Bento XVI por causa da presen\u00e7a, no Vaticano, de outro Papa, embora como bispo em\u00e9rito de Roma.<\/p>\n<p style=\"text-align: justify\">Conhecemos Bento XVI como uma pessoa de discri\u00e7\u00e3o e rigor extremos \u2013 afirmou \u2013, n\u00e3o \u00e9 uma pessoa da qual se possa esperar interfer\u00eancias ou mesmo o m\u00ednimo inc\u00f4modo para o seu sucessor. O problema n\u00e3o existe, embora seja uma situa\u00e7\u00e3o nova, reconheceu. Ali\u00e1s, o sucessor se sentir\u00e1 apoiado pela ora\u00e7\u00e3o, pelo amor e pela participa\u00e7\u00e3o de uma pessoa que mais do que ningu\u00e9m no mundo pode entender as preocupa\u00e7\u00f5es de quem veio depois.<\/p>\n<p style=\"text-align: justify\">N\u00e3o foi dado aos jornalistas nenhum detalhe sobre como se chamar\u00e1 ou se vestir\u00e1 o Pont\u00edfice uma vez retornado ao Vaticano, ap\u00f3s a perman\u00eancia em Castel Gandolfo: trata-se de quest\u00f5es a serem definidas.<\/p>\n<p style=\"text-align: justify\">O Papa deixar\u00e1 as suas fun\u00e7\u00f5es, como disse, no dia 28 de fevereiro, \u00e0s 20h locais, ou seja, quando ordinariamente Bento XVI encerra as suas atividades antes de retirar-se em ora\u00e7\u00e3o, e depois repousar: ser\u00e1 o \u00faltimo dia como Pont\u00edfice, vivido de modo ordin\u00e1rio.<\/p>\n<p style=\"text-align: justify\">Pe. Lombardi agradeceu aos jornalistas pelo trabalho realizado, pelos muitos coment\u00e1rios respeitosos e reflexivos que acolheram a coragem e a humildade do Papa, o seu sentido de responsabilidade, de lucidez dessa decis\u00e3o hist\u00f3rica, e deram um sentido de participa\u00e7\u00e3o e compreens\u00e3o do modo como o Papa vive essa decis\u00e3o, tomada em consci\u00eancia diante de Deus, e que justamente por isso est\u00e1 sereno.<\/p>\n<p style=\"text-align: justify\">O porta-voz vaticano quis precisar que o arcebispo de Crac\u00f3via, Cardeal Stanislaw Dziwisz, n\u00e3o quis fazer nenhuma compara\u00e7\u00e3o entre Bento XVI e Jo\u00e3o Paulo II, como reportado por alguns meios de comunica\u00e7\u00e3o, e deu um texto com as reais declara\u00e7\u00f5es do ex-secret\u00e1rio pessoal de Jo\u00e3o Paulo II, em que expressa o seu amor e a sua estima pelo Papa Ratzinger<\/p>\n","protected":false},"excerpt":{"rendered":"<p>O Papa est\u00e1 bem e muito sereno, n\u00e3o renunciou porque doente, mas somente por conta da fragilidade decorrente do envelhecimento: foi o que reiterou o diretor da Sala de Imprensa da Santa S\u00e9, Pe. Federico Lombardi, na coletiva desta ter\u00e7a-feira, 12 de fevereiro, concedida aos jornalistas um dia ap\u00f3s o an\u00fancio de ren\u00fancia do Santo &hellip;<\/p>\n<p class=\"read-more\"> <a class=\"\" href=\"https:\/\/www.cnbb.org.br\/pe-lombardi-novo-papa-se-sentira-apoiado-pela-oracao-de-bento-xvi\/\"> <span class=\"screen-reader-text\">Pe. Lombardi: novo Papa se sentir\u00e1 apoiado pela ora\u00e7\u00e3o de Bento XVI<\/span> Leia mais &raquo;<\/a><\/p>\n","protected":false},"author":83,"featured_media":27381,"comment_status":"open","ping_status":"open","sticky":false,"template":"","format":"standard","meta":{"site-sidebar-layout":"default","site-content-layout":"default","ast-global-header-display":"","ast-banner-title-visibility":"","ast-main-header-display":"","ast-hfb-above-header-display":"","ast-hfb-below-header-display":"","ast-hfb-mobile-header-display":"","site-post-title":"","ast-breadcrumbs-content":"","ast-featured-img":"","footer-sml-layout":"","theme-transparent-header-meta":"","adv-header-id-meta":"","stick-header-meta":"","header-above-stick-meta":"","header-main-stick-meta":"","header-below-stick-meta":""},"categories":[784],"tags":[],"acf":[],"_links":{"self":[{"href":"https:\/\/www.cnbb.org.br\/cnbb-app\/wp\/v2\/posts\/27380"}],"collection":[{"href":"https:\/\/www.cnbb.org.br\/cnbb-app\/wp\/v2\/posts"}],"about":[{"href":"https:\/\/www.cnbb.org.br\/cnbb-app\/wp\/v2\/types\/post"}],"author":[{"embeddable":true,"href":"https:\/\/www.cnbb.org.br\/cnbb-app\/wp\/v2\/users\/83"}],"replies":[{"embeddable":true,"href":"https:\/\/www.cnbb.org.br\/cnbb-app\/wp\/v2\/comments?post=27380"}],"version-history":[{"count":0,"href":"https:\/\/www.cnbb.org.br\/cnbb-app\/wp\/v2\/posts\/27380\/revisions"}],"wp:featuredmedia":[{"embeddable":true,"href":"https:\/\/www.cnbb.org.br\/cnbb-app\/wp\/v2\/media\/27381"}],"wp:attachment":[{"href":"https:\/\/www.cnbb.org.br\/cnbb-app\/wp\/v2\/media?parent=27380"}],"wp:term":[{"taxonomy":"category","embeddable":true,"href":"https:\/\/www.cnbb.org.br\/cnbb-app\/wp\/v2\/categories?post=27380"},{"taxonomy":"post_tag","embeddable":true,"href":"https:\/\/www.cnbb.org.br\/cnbb-app\/wp\/v2\/tags?post=27380"}],"curies":[{"name":"wp","href":"https:\/\/api.w.org\/{rel}","templated":true}]}}