{"id":27461,"date":"2013-03-18T00:00:00","date_gmt":"2013-03-18T03:00:00","guid":{"rendered":"https:\/\/www.cnbb.org.br\/santa-se-apresenta-brasao-do-novo-papa\/"},"modified":"2013-03-18T00:00:00","modified_gmt":"2013-03-18T03:00:00","slug":"santa-se-apresenta-brasao-do-novo-papa","status":"publish","type":"post","link":"https:\/\/www.cnbb.org.br\/santa-se-apresenta-brasao-do-novo-papa\/","title":{"rendered":"Santa S\u00e9 apresenta bras\u00e3o do novo Papa"},"content":{"rendered":"<p style=\"text-align: justify\">A R\u00e1dio Vaticano divulgou na manh\u00e3 desta segunda-feira, 18 de mar\u00e7o, o bras\u00e3o do Papa Francisco. O s\u00edmbolo possui a mensagem &#8220;Miserando atque eligendo&#8221; &#8211; &#8220;Com miseric\u00f3rdia o chamou&#8221;.<\/p>\n<p><!--more--><\/p>\n<p>No Escudo, em seus tra\u00e7os, essenciais, o Papa Francisco decidiu manter seu bras\u00e3o anterior, escolhido desde sua consagra\u00e7\u00e3o episcopal e caracterizado por uma simples linearidade.<\/p>\n<p>O escudo azul \u00e9 coberto por s\u00edmbolos da dignidade pontif\u00edcia, iguais aqueles de Bento XVI (mitra posicionada entre chaves de ouro e prata entrecruzadas, unidas por um cord\u00e3o vermelho). No alto, est\u00e1 o emblema da ordem de proveni\u00eancia do Papa, a Companhia de Jesus: um sol radiande e flamejante carregado com as letras, em vermelho, IHS, monograma de Cristo. A letra H \u00e9 coberta por uma cruz em ponta e tr\u00eas pregos em preto.<\/p>\n<p>Abaixo, encontram-se a estrela e a flor de nardo. A estrela, de acordo com a antiga tradi\u00e7\u00e3o araldica, simboliza a Virgem Maria, m\u00e3e de Cristo e da Igreja; enquanto a flor de nardo indica S\u00e3o Jos\u00e9, patrono da Igreja. Na tradi\u00e7\u00e3o da iconografia hisp\u00e2nica, de fato, S\u00e3o Jos\u00e9 \u00e9 representado com um ramo de nardo nas m\u00e3os. Colocando no seu escudo tais imagens, o Papa pretendeu exprimir a pr\u00f3pria particular devo\u00e7\u00e3o \u00e0 Virgem Sant\u00edssima e S\u00e3o Jos\u00e9.<\/p>\n<p>&nbsp;<\/p>\n","protected":false},"excerpt":{"rendered":"<p>A R\u00e1dio Vaticano divulgou na manh\u00e3 desta segunda-feira, 18 de mar\u00e7o, o bras\u00e3o do Papa Francisco. O s\u00edmbolo possui a mensagem &#8220;Miserando atque eligendo&#8221; &#8211; &#8220;Com miseric\u00f3rdia o chamou&#8221;.<\/p>\n","protected":false},"author":83,"featured_media":27462,"comment_status":"open","ping_status":"open","sticky":false,"template":"","format":"standard","meta":{"site-sidebar-layout":"default","site-content-layout":"default","ast-global-header-display":"","ast-banner-title-visibility":"","ast-main-header-display":"","ast-hfb-above-header-display":"","ast-hfb-below-header-display":"","ast-hfb-mobile-header-display":"","site-post-title":"","ast-breadcrumbs-content":"","ast-featured-img":"","footer-sml-layout":"","theme-transparent-header-meta":"","adv-header-id-meta":"","stick-header-meta":"","header-above-stick-meta":"","header-main-stick-meta":"","header-below-stick-meta":""},"categories":[784],"tags":[],"acf":[],"_links":{"self":[{"href":"https:\/\/www.cnbb.org.br\/cnbb-app\/wp\/v2\/posts\/27461"}],"collection":[{"href":"https:\/\/www.cnbb.org.br\/cnbb-app\/wp\/v2\/posts"}],"about":[{"href":"https:\/\/www.cnbb.org.br\/cnbb-app\/wp\/v2\/types\/post"}],"author":[{"embeddable":true,"href":"https:\/\/www.cnbb.org.br\/cnbb-app\/wp\/v2\/users\/83"}],"replies":[{"embeddable":true,"href":"https:\/\/www.cnbb.org.br\/cnbb-app\/wp\/v2\/comments?post=27461"}],"version-history":[{"count":0,"href":"https:\/\/www.cnbb.org.br\/cnbb-app\/wp\/v2\/posts\/27461\/revisions"}],"wp:featuredmedia":[{"embeddable":true,"href":"https:\/\/www.cnbb.org.br\/cnbb-app\/wp\/v2\/media\/27462"}],"wp:attachment":[{"href":"https:\/\/www.cnbb.org.br\/cnbb-app\/wp\/v2\/media?parent=27461"}],"wp:term":[{"taxonomy":"category","embeddable":true,"href":"https:\/\/www.cnbb.org.br\/cnbb-app\/wp\/v2\/categories?post=27461"},{"taxonomy":"post_tag","embeddable":true,"href":"https:\/\/www.cnbb.org.br\/cnbb-app\/wp\/v2\/tags?post=27461"}],"curies":[{"name":"wp","href":"https:\/\/api.w.org\/{rel}","templated":true}]}}