{"id":27522,"date":"2013-06-04T00:00:00","date_gmt":"2013-06-04T03:00:00","guid":{"rendered":"https:\/\/www.cnbb.org.br\/dioceses-brasileiras-participaram-da-adoracao-eucaristica-simultanea-com-o-papa-francisco\/"},"modified":"2013-06-04T00:00:00","modified_gmt":"2013-06-04T03:00:00","slug":"dioceses-brasileiras-participaram-da-adoracao-eucaristica-simultanea-com-o-papa-francisco","status":"publish","type":"post","link":"https:\/\/www.cnbb.org.br\/dioceses-brasileiras-participaram-da-adoracao-eucaristica-simultanea-com-o-papa-francisco\/","title":{"rendered":"Dioceses brasileiras participaram da Adora\u00e7\u00e3o Eucar\u00edstica simult\u00e2nea com o Papa Francisco"},"content":{"rendered":"<p style=\"margin: 15px 0px;padding: 0px;border: 0px;font-size: 12px;line-height: 18px;text-align: justify\">O Papa Francisco presidiu na tarde deste domingo, na Bas\u00edlica de S\u00e3o Pedro, uma Adora\u00e7\u00e3o Eucar\u00edstica, que foi realizada simultaneamente em n\u00edvel mundial. O evento, inserido no \u00e2mbito do Ano da F\u00e9 convocado por Bento XVI em outubro passado, foi realizado no dia em que \u00e9 festejado Corpus Christi na It\u00e1lia e em outros pa\u00edses.<\/p>\n<p><!--more--><\/p>\n<p style=\"margin: 15px 0px;padding: 0px;border: 0px;font-size: 12px;line-height: 18px;text-align: justify\">\u00c0s 17 horas (hor\u00e1rio de Roma) os milhares de fi\u00e9is presentes na Bas\u00edlica estiveram unidos em Adora\u00e7\u00e3o, em sintonia com fi\u00e9is de todo o mundo presentes em catedrais, igrejas, capelas, casas religiosas, por meio de transmiss\u00e3o via sat\u00e9lite. A adora\u00e7\u00e3o durou uma hora, com os momentos de sil\u00eancio sendo entremeados por ora\u00e7\u00f5es e c\u00e2nticos. Ao final da cerim\u00f4nia, o Santo Padre aben\u00e7oou a Assembleia com o Sant\u00edssimo. O canto da \u2018Salve Regina\u2019 concluiu a celebra\u00e7\u00e3o.<\/p>\n<p style=\"margin: 15px 0px;padding: 0px;border: 0px;font-size: 12px;line-height: 18px;text-align: justify\">O Papa Francisco havia indicado duas inten\u00e7\u00f5es para este momento de ora\u00e7\u00e3o. A primeira: \u201cPela Igreja espalhada em todo o mundo e hoje em sinal de unidade, recolhida na Adora\u00e7\u00e3o da Sant\u00edssima Eucaristia\u201d. E a segunda: \u201cPor todos aqueles que nas diversas partes do mundo vivem no sofrimento devido \u00e0s novas formas de escravid\u00e3o e s\u00e3o v\u00edtimas de guerras, do tr\u00e1fico de pessoas, do narcotr\u00e1fico e do trabalho escravo; pelas crian\u00e7as e mulheres que s\u00e3o submetidas a qualquer tipo de viol\u00eancia\u201d.<\/p>\n<p style=\"margin: 15px 0px;padding: 0px;border: 0px;font-size: 12px;line-height: 18px;text-align: justify\">De acordo com a Santa S\u00e9, foi um evento hist\u00f3rico que reuniu toda a Igreja em torno da Eucaristia, pela primeira vez de forma simult\u00e2nea, a n\u00edvel mundial. A diferen\u00e7a no fuso hor\u00e1rio provocou uma situa\u00e7\u00e3o curiosa, pois enquanto a Adora\u00e7\u00e3o tinha seu in\u00edcio na It\u00e1lia \u00e0s 17 horas, no Brasil eram 11h50 da manh\u00e3. Em Han\u00f3i, no Vietn\u00e3 23 horas, na Nova Zel\u00e2ndia 3 da manh\u00e3 e em Nova Orleans, 10 da manh\u00e3.<\/p>\n<p style=\"margin: 15px 0px;padding: 0px;border: 0px;font-size: 12px;line-height: 18px;text-align: justify\">No Brasil, diversas Dioceses aderiram oficialmente \u00e0 iniciativa, inscrevendo-se no site do Ano da F\u00e9. Entre elas, as Arquidioceses de Bras\u00edlia, Fortaleza, Salvador; as Dioceses de Caxias do Sul, Chapec\u00f3, Erexim, Irec\u00ea, Itabuna, Jales, Jundia\u00ed, Luz, Parintins, Piracicaba, Toledo, Urua\u00e7u, Tef\u00e9, Jacarezinho, Nepomuceno.<\/p>\n","protected":false},"excerpt":{"rendered":"<p>O Papa Francisco presidiu na tarde deste domingo, na Bas\u00edlica de S\u00e3o Pedro, uma Adora\u00e7\u00e3o Eucar\u00edstica, que foi realizada simultaneamente em n\u00edvel mundial. O evento, inserido no \u00e2mbito do Ano da F\u00e9 convocado por Bento XVI em outubro passado, foi realizado no dia em que \u00e9 festejado Corpus Christi na It\u00e1lia e em outros pa\u00edses.<\/p>\n","protected":false},"author":83,"featured_media":27523,"comment_status":"open","ping_status":"open","sticky":false,"template":"","format":"standard","meta":{"site-sidebar-layout":"default","site-content-layout":"default","ast-global-header-display":"","ast-banner-title-visibility":"","ast-main-header-display":"","ast-hfb-above-header-display":"","ast-hfb-below-header-display":"","ast-hfb-mobile-header-display":"","site-post-title":"","ast-breadcrumbs-content":"","ast-featured-img":"","footer-sml-layout":"","theme-transparent-header-meta":"","adv-header-id-meta":"","stick-header-meta":"","header-above-stick-meta":"","header-main-stick-meta":"","header-below-stick-meta":""},"categories":[784],"tags":[],"acf":[],"_links":{"self":[{"href":"https:\/\/www.cnbb.org.br\/cnbb-app\/wp\/v2\/posts\/27522"}],"collection":[{"href":"https:\/\/www.cnbb.org.br\/cnbb-app\/wp\/v2\/posts"}],"about":[{"href":"https:\/\/www.cnbb.org.br\/cnbb-app\/wp\/v2\/types\/post"}],"author":[{"embeddable":true,"href":"https:\/\/www.cnbb.org.br\/cnbb-app\/wp\/v2\/users\/83"}],"replies":[{"embeddable":true,"href":"https:\/\/www.cnbb.org.br\/cnbb-app\/wp\/v2\/comments?post=27522"}],"version-history":[{"count":0,"href":"https:\/\/www.cnbb.org.br\/cnbb-app\/wp\/v2\/posts\/27522\/revisions"}],"wp:featuredmedia":[{"embeddable":true,"href":"https:\/\/www.cnbb.org.br\/cnbb-app\/wp\/v2\/media\/27523"}],"wp:attachment":[{"href":"https:\/\/www.cnbb.org.br\/cnbb-app\/wp\/v2\/media?parent=27522"}],"wp:term":[{"taxonomy":"category","embeddable":true,"href":"https:\/\/www.cnbb.org.br\/cnbb-app\/wp\/v2\/categories?post=27522"},{"taxonomy":"post_tag","embeddable":true,"href":"https:\/\/www.cnbb.org.br\/cnbb-app\/wp\/v2\/tags?post=27522"}],"curies":[{"name":"wp","href":"https:\/\/api.w.org\/{rel}","templated":true}]}}