{"id":27526,"date":"2013-06-18T00:00:00","date_gmt":"2013-06-18T03:00:00","guid":{"rendered":"https:\/\/www.cnbb.org.br\/enciclicas-do-papa-francisco\/"},"modified":"2013-06-18T00:00:00","modified_gmt":"2013-06-18T03:00:00","slug":"enciclicas-do-papa-francisco","status":"publish","type":"post","link":"https:\/\/www.cnbb.org.br\/enciclicas-do-papa-francisco\/","title":{"rendered":"\u201cEnc\u00edclicas\u201d do Papa Francisco"},"content":{"rendered":"<p style=\"text-align: right\"><span style=\"font-size: 12pt\"><strong>Dom Pedro Carlos Cipolini<\/strong><\/span><br \/><span style=\"font-size: 12pt\"><strong>Bispo de Amparo (SP)<\/strong><\/span><\/p>\n<p style=\"text-align: justify\">Ao celebrar a festa de S\u00e3o Pedro Ap\u00f3stolo, a Igreja \u00e9 convidada a rezar pelo Papa, sucessor de Pedro e refletir sobre seu minist\u00e9rio. \u201cO Romano Pont\u00edfice, como sucessor de Pedro, \u00e9 perp\u00e9tuo e vis\u00edvel fundamento da unidade, n\u00e3o s\u00f3 dos bispos, mas tamb\u00e9m da multid\u00e3o dos fi\u00e9is\u201d (LG 23). O papa, em seu minist\u00e9rio petrino, preside na caridade e promove o bem comum da Igreja universal e de cada uma das Igrejas particulares. Nestas poucas linhas est\u00e1 a s\u00edntese do que o conc\u00edlio Vaticano II ensina sobre o minist\u00e9rio do Bispo de Roma.<\/p>\n<p>  <!--more-->  <\/p>\n<p style=\"text-align: justify\">N\u00e3o poderia ser sem motivo pensado que o autor dos Atos dos Ap\u00f3stolos, mencionou a presen\u00e7a de romanos no dia de Pentecostes em Jerusal\u00e9m (At 2,10), deixando assim perceber a liga\u00e7\u00e3o desta cidade, com o ap\u00f3stolo Pedro, que logo em seguida tomaria a palavra para anunciar o kerigma. S\u00e3o Pedro chefe da Igreja de Roma, e seus sucessores, ao longo dos s\u00e9culos foram defensores da f\u00e9 e seus propagadores.<\/p>\n<p style=\"text-align: justify\">Hoje na pessoa do papa Francisco o minist\u00e9rio de Pedro se faz presente com um brilho incomum. S\u00e3o muitas as acusa\u00e7\u00f5es e cr\u00edticas enfrentadas pelos \u00faltimos papas. Mas todos eles ficaram firmes, n\u00e3o tra\u00edram o patrim\u00f4nio da f\u00e9, n\u00e3o trocaram a verdade revelada pelas verdades provis\u00f3rias da sociedade. Mesmo diante das cr\u00edticas e incompreens\u00f5es, e de certo \u201ccomplexo anti-romano\u201d , na express\u00e3o de Hans Von Balthasar, \u00e0s vezes presente mesmo dentro da Igreja, realmente foram firmes como a rocha.<\/p>\n<p style=\"text-align: justify\">Para estar \u00e0 frente de uma Igreja que chegou no vig\u00e9simo s\u00e9culo de hist\u00f3ria, e \u00e9 deposit\u00e1ria de uma&nbsp; verdade religiosa e moral, o papa n\u00e3o pode mudar este dep\u00f3sito da f\u00e9 e nem coloca-lo periodicamente em leil\u00e3o, para ver qual a mais mercadol\u00f3gica e palat\u00e1vel. H\u00e1 que se ter um fundamento e este \u00e9 Cristo e seu Evangelho, vividos segundo a tradi\u00e7\u00e3o apost\u00f3lica.<\/p>\n<p style=\"text-align: justify\">Ao papa como cabe\u00e7a do Col\u00e9gio Apost\u00f3lico, formado pelos bispos cat\u00f3licos do mundo inteiro, cabe a presid\u00eancia da Igreja. Por isso o episcopado se une em torno do Santo Padre, para colocar em movimento a \u201cnova evangeliza\u00e7\u00e3o\u201d que os tempos atuais exige da Igreja.&nbsp; E a uni\u00e3o do episcopado com o papa deve ser sincera, total, porque: \u201cSe o bispo de Roma \u00e9 colocado em quest\u00e3o, se a sua sede \u00e9 sacudida, n\u00e3o \u00e9 um bispo quem vacila mas o episcopado inteiro\u201d (Avito, bispo de Viena in Ep.31:PL 59,248).<\/p>\n<p style=\"text-align: justify\">O papa Francisco nos surpreende a cada dia com sua vitalidade repleta de f\u00e9 e humildade. No&nbsp; Angelus do&nbsp; \u00faltimo domingo de maio, que tive&nbsp; oportunidade de presenciar na Pra\u00e7a S. Pedro em Roma, pareceu-me transparecer um pontificado no qual o papa n\u00e3o escrever\u00e1 muito. Mesmo assim j\u00e1 temos algumas \u201cenc\u00edclicas\u201d, como \u00e9 a opini\u00e3o do jornalista John Allen. Enc\u00edclicas, no sentido de que s\u00e3o ensinamentos os quais, embora n\u00e3o foram escritos, s\u00e3o marcantes, claros, quais pequenas s\u00ednteses do pensamento do papa Francisco.<\/p>\n<p style=\"text-align: justify\">Entre estas \u201cenc\u00edclicas\u201d poder\u00edamos enumerar: a) Uma Igreja pobre para os pobres, b) Primazia da humildade: somos todos franciscanos, c) Estar imerso no povo, d) N\u00e3o ter medo da ternura e da miseric\u00f3rdia, e) O verdadeiro poder \u00e9 servi\u00e7o, f) A f\u00e9 se prop\u00f5e, n\u00e3o se imp\u00f5e, g) A Igreja n\u00e3o \u00e9 organiza\u00e7\u00e3o humanit\u00e1ria, h) Dizer n\u00e3o ao pessimismo, i) Saber sorrir e ter esperan\u00e7a, j) Import\u00e2ncia da unidade, l) A evang\u00e9lica coragem da sinceridade. Estas s\u00e3o algumas \u201cenc\u00edclicas\u201d em miniatura que mesmo os que n\u00e3o sabem ler compreendem.<\/p>\n<p style=\"text-align: justify\">Que o Papa Francisco seja aben\u00e7oado e possa contar com nossa ades\u00e3o filial.<\/p>\n","protected":false},"excerpt":{"rendered":"<p>Dom Pedro Carlos CipoliniBispo de Amparo (SP) Ao celebrar a festa de S\u00e3o Pedro Ap\u00f3stolo, a Igreja \u00e9 convidada a rezar pelo Papa, sucessor de Pedro e refletir sobre seu minist\u00e9rio. \u201cO Romano Pont\u00edfice, como sucessor de Pedro, \u00e9 perp\u00e9tuo e vis\u00edvel fundamento da unidade, n\u00e3o s\u00f3 dos bispos, mas tamb\u00e9m da multid\u00e3o dos fi\u00e9is\u201d &hellip;<\/p>\n<p class=\"read-more\"> <a class=\"\" href=\"https:\/\/www.cnbb.org.br\/enciclicas-do-papa-francisco\/\"> <span class=\"screen-reader-text\">\u201cEnc\u00edclicas\u201d do Papa Francisco<\/span> Leia mais &raquo;<\/a><\/p>\n","protected":false},"author":83,"featured_media":0,"comment_status":"open","ping_status":"open","sticky":false,"template":"","format":"standard","meta":{"site-sidebar-layout":"default","site-content-layout":"default","ast-global-header-display":"","ast-banner-title-visibility":"","ast-main-header-display":"","ast-hfb-above-header-display":"","ast-hfb-below-header-display":"","ast-hfb-mobile-header-display":"","site-post-title":"","ast-breadcrumbs-content":"","ast-featured-img":"","footer-sml-layout":"","theme-transparent-header-meta":"","adv-header-id-meta":"","stick-header-meta":"","header-above-stick-meta":"","header-main-stick-meta":"","header-below-stick-meta":""},"categories":[784],"tags":[],"acf":[],"_links":{"self":[{"href":"https:\/\/www.cnbb.org.br\/cnbb-app\/wp\/v2\/posts\/27526"}],"collection":[{"href":"https:\/\/www.cnbb.org.br\/cnbb-app\/wp\/v2\/posts"}],"about":[{"href":"https:\/\/www.cnbb.org.br\/cnbb-app\/wp\/v2\/types\/post"}],"author":[{"embeddable":true,"href":"https:\/\/www.cnbb.org.br\/cnbb-app\/wp\/v2\/users\/83"}],"replies":[{"embeddable":true,"href":"https:\/\/www.cnbb.org.br\/cnbb-app\/wp\/v2\/comments?post=27526"}],"version-history":[{"count":0,"href":"https:\/\/www.cnbb.org.br\/cnbb-app\/wp\/v2\/posts\/27526\/revisions"}],"wp:attachment":[{"href":"https:\/\/www.cnbb.org.br\/cnbb-app\/wp\/v2\/media?parent=27526"}],"wp:term":[{"taxonomy":"category","embeddable":true,"href":"https:\/\/www.cnbb.org.br\/cnbb-app\/wp\/v2\/categories?post=27526"},{"taxonomy":"post_tag","embeddable":true,"href":"https:\/\/www.cnbb.org.br\/cnbb-app\/wp\/v2\/tags?post=27526"}],"curies":[{"name":"wp","href":"https:\/\/api.w.org\/{rel}","templated":true}]}}