{"id":27535,"date":"2013-07-03T00:00:00","date_gmt":"2013-07-03T03:00:00","guid":{"rendered":"https:\/\/www.cnbb.org.br\/papa-francisco-confirmai-a-nossa-fe\/"},"modified":"2013-07-03T00:00:00","modified_gmt":"2013-07-03T03:00:00","slug":"papa-francisco-confirmai-a-nossa-fe","status":"publish","type":"post","link":"https:\/\/www.cnbb.org.br\/papa-francisco-confirmai-a-nossa-fe\/","title":{"rendered":"Papa Francisco, Confirmai a nossa F\u00e9 !"},"content":{"rendered":"<p style=\"text-align: right\"><strong>Dom Roberto Francisco Ferreria Paz<\/strong><br \/><strong>Bispo Diocesano de Campos (RJ)<\/strong><\/p>\n<p style=\"text-align: justify\">Neste Domingo,&nbsp; celebramos com toda a Igreja, a solenidade martirial dos Ap\u00f3stolos S\u00e3o Pedro e S\u00e3o Paulo, colunas e fundamentos da Catolicidade. Junto a esta festa que enaltece a vit\u00f3ria da mensagem crist\u00e3&nbsp; na Roma pag\u00e3; comemoramos o Dia do Papa e o sinal de partilha e comunh\u00e3o : o \u00f3bolo de S\u00e3o Pedro.<\/p>\n<p>  <!--more-->  <\/p>\n<p style=\"text-align: justify\">O amor e a rever\u00eancia ao Papa s\u00e3o um qualificativo da nossa f\u00e9 e piedade, expressam o reconhecimento do seu Pastoreio Universal e a obedi\u00eancia ao seu Magist\u00e9rio, que preserva a Igreja dos erros e desvios doutrinais.&nbsp;&nbsp;&nbsp; Para uma Institui\u00e7\u00e3o duas vezes milenar que tem como Fundador ao pr\u00f3prio Cristo, saber com certeza que algu\u00e9m assistido pelo Esp\u00edrito Santo, segundo a promessa do Divino Salvador nos guia, e nos acompanha nas \u00e1rduas jornadas e aventuras da f\u00e9, resulta algo de veras consolador e confortante.<\/p>\n<p style=\"text-align: justify\">Mais, submetidos a tirania do relativismo, das coisas l\u00edquidas e ef\u00eameras, onde nada parece ficar de p\u00e9, olhamos para as colinas vaticanas e encontramos a luz da verdade para nos iluminar, a voz do Pastor meigo e lutador que nunca nos deixa s\u00f3s, que combate incansavelmente pela expans\u00e3o do Reinado do Sagrado Cora\u00e7\u00e3o de Jesus, sendo sempre fiel a sua miss\u00e3o.<\/p>\n<p style=\"text-align: justify\">Ele nos encoraja&nbsp; e nos exorta como ao paral\u00edtico da Porta Formosa :&#8221; Ouro e prata n\u00e3o temos, mas em nome de Jesus : Levanta-te e Anda&#8221;, para que caminhemos soerguidos como disc\u00edpulos e mission\u00e1rios do Sant\u00edssimo Salvador, compartilhando a alegria de t\u00ea-lo descoberto e encontrado.&nbsp;&nbsp;&nbsp; Com o Papa, podemos dizer sempre de novo a Jesus como S\u00e3o Pedro em Cafarnaum : &#8221; A quem iremos Senhor, s\u00f3 Tu tens Palavras de Vida Eterna! &#8220;. Que a visita apost\u00f3lica do Papa ao Brasil, no Rio de Janeiro agora em Julho, seja uma verdadeira chuva de gra\u00e7as, b\u00ean\u00e7\u00e3os e voca\u00e7\u00f5es, para alimentar a f\u00e9 e a esperan\u00e7a do povo brasileiro, que a sua querida presen\u00e7a entre n\u00f3s torne a nossos jovens, profetas do amanh\u00e3, gestores e protagonistas da civiliza\u00e7\u00e3o da paz e do amor. Deus seja louvado!<\/p>\n","protected":false},"excerpt":{"rendered":"<p>Dom Roberto Francisco Ferreria PazBispo Diocesano de Campos (RJ) Neste Domingo,&nbsp; celebramos com toda a Igreja, a solenidade martirial dos Ap\u00f3stolos S\u00e3o Pedro e S\u00e3o Paulo, colunas e fundamentos da Catolicidade. Junto a esta festa que enaltece a vit\u00f3ria da mensagem crist\u00e3&nbsp; na Roma pag\u00e3; comemoramos o Dia do Papa e o sinal de partilha &hellip;<\/p>\n<p class=\"read-more\"> <a class=\"\" href=\"https:\/\/www.cnbb.org.br\/papa-francisco-confirmai-a-nossa-fe\/\"> <span class=\"screen-reader-text\">Papa Francisco, Confirmai a nossa F\u00e9 !<\/span> Leia mais &raquo;<\/a><\/p>\n","protected":false},"author":83,"featured_media":0,"comment_status":"open","ping_status":"open","sticky":false,"template":"","format":"standard","meta":{"site-sidebar-layout":"default","site-content-layout":"default","ast-global-header-display":"","ast-banner-title-visibility":"","ast-main-header-display":"","ast-hfb-above-header-display":"","ast-hfb-below-header-display":"","ast-hfb-mobile-header-display":"","site-post-title":"","ast-breadcrumbs-content":"","ast-featured-img":"","footer-sml-layout":"","theme-transparent-header-meta":"","adv-header-id-meta":"","stick-header-meta":"","header-above-stick-meta":"","header-main-stick-meta":"","header-below-stick-meta":""},"categories":[784],"tags":[],"acf":[],"_links":{"self":[{"href":"https:\/\/www.cnbb.org.br\/cnbb-app\/wp\/v2\/posts\/27535"}],"collection":[{"href":"https:\/\/www.cnbb.org.br\/cnbb-app\/wp\/v2\/posts"}],"about":[{"href":"https:\/\/www.cnbb.org.br\/cnbb-app\/wp\/v2\/types\/post"}],"author":[{"embeddable":true,"href":"https:\/\/www.cnbb.org.br\/cnbb-app\/wp\/v2\/users\/83"}],"replies":[{"embeddable":true,"href":"https:\/\/www.cnbb.org.br\/cnbb-app\/wp\/v2\/comments?post=27535"}],"version-history":[{"count":0,"href":"https:\/\/www.cnbb.org.br\/cnbb-app\/wp\/v2\/posts\/27535\/revisions"}],"wp:attachment":[{"href":"https:\/\/www.cnbb.org.br\/cnbb-app\/wp\/v2\/media?parent=27535"}],"wp:term":[{"taxonomy":"category","embeddable":true,"href":"https:\/\/www.cnbb.org.br\/cnbb-app\/wp\/v2\/categories?post=27535"},{"taxonomy":"post_tag","embeddable":true,"href":"https:\/\/www.cnbb.org.br\/cnbb-app\/wp\/v2\/tags?post=27535"}],"curies":[{"name":"wp","href":"https:\/\/api.w.org\/{rel}","templated":true}]}}