{"id":27540,"date":"2013-07-17T00:00:00","date_gmt":"2013-07-17T03:00:00","guid":{"rendered":"https:\/\/www.cnbb.org.br\/vaticano-concede-nada-obstat-a-beatificacao-de-frei-bruno\/"},"modified":"2013-07-17T00:00:00","modified_gmt":"2013-07-17T03:00:00","slug":"vaticano-concede-nada-obstat-a-beatificacao-de-frei-bruno","status":"publish","type":"post","link":"https:\/\/www.cnbb.org.br\/vaticano-concede-nada-obstat-a-beatificacao-de-frei-bruno\/","title":{"rendered":"Vaticano concede &#8220;nada obsta&#8221; \u00e0 beatifica\u00e7\u00e3o de Frei Bruno"},"content":{"rendered":"<p style=\"text-align: justify\">As preces de milhares de devotos, amigos, confrades e admiradores de Frei Bruno Linden foram atendidas. O bispo da Diocese de Joa\u00e7aba (SC), Dom M\u00e1rio Marquez, OFMCap, informou ao governo provincial da Prov\u00edncia Franciscana da Imaculada Concei\u00e7\u00e3o que recebeu o edital concedendo o \u201cNihil obstat\u201d (nada obsta) para dar continuidade \u00e0 causa de Frei Bruno Linden. O documento, datado do dia 7 de maio de 2013 e assinado pelo Cardeal Angelo Amato, Prefeito da Congrega\u00e7\u00e3o para as Causas dos Santos, decreta n\u00e3o existir impedimento para a continua\u00e7\u00e3o do processo de beatifica\u00e7\u00e3o do frade franciscano.<\/p>\n<p><!--more--><\/p>\n<p style=\"text-align: justify\">Com esse \u201csinal verde\u201d da Santa S\u00e9, a partir de agora Dom Mario Marquez assume o processo diocesano da causa. \u201cNesta fase, Dom Mario vai nomear o Tribunal Eclesi\u00e1stico que recolher\u00e1 os depoimentos juramentados sobre as virtudes do candidato. Simultaneamente ser\u00e1 nomeada a Comiss\u00e3o Hist\u00f3rica que vai reunir todos os documentos relativos \u00e0 vida de Frei Bruno e tamb\u00e9m ser\u00e1 constitu\u00edda uma comiss\u00e3o para coletar e analisar os poss\u00edveis milagres de Frei Bruno\u201d, explicou Frei Estev\u00e3o Ottenbreit, Vig\u00e1rio Provincial e Vice-postulador da Causa.<\/p>\n<p style=\"text-align: justify\">Segundo Frei Estev\u00e3o, ainda n\u00e3o foi definida uma agenda dos pr\u00f3ximos passos a serem dados. \u201cDeverei me encontrar com Dom M\u00e1rio durante a Jornada Mundial da Juventude, no Rio de Janeiro, para definir a data de abertura deste Processo Can\u00f4nico sobre a vida, virtudes e fama de santidade de Frei Bruno Linden\u201d, explicou Frei Estev\u00e3o.<\/p>\n<p style=\"text-align: justify\">Para a Prov\u00edncia da Imaculada Concei\u00e7\u00e3o, que celebrou em 15 de julho 338 anos de funda\u00e7\u00e3o, a not\u00edcia n\u00e3o poderia ser melhor, como explica o Ministro Provincial Frei Fid\u00eancio Vanboemmel: \u201cA primeira coisa que me veio \u00e0 mente foi: \u2018que belo presente de anivers\u00e1rio a nossa Prov\u00edncia recebeu hoje na festa franciscana de S\u00e3o Boaventura de Bagnoregio e na festa dos 338 anos de sua funda\u00e7\u00e3o\u2019. E a hist\u00f3ria constru\u00edda por vidas exemplares, como Santo Ant\u00f4nio de San\u2019Ana Galv\u00e3o e Frei Bruno.<\/p>\n<p style=\"text-align: justify\">\u201cEste \u2018sinal verde\u2019 nos enche de alegria porque, como Prov\u00edncia, podemos finalmente dar uma resposta ao grande clamor do povo que, insistentemente, nos pede a beatifica\u00e7\u00e3o do \u2018santo\u2019 Frei Bruno. Este clamor popular vem de longa data. A prova mais evidente desta manifesta\u00e7\u00e3o popular \u00e9 a Romaria Penitencial em honra a Frei Bruno que acontece na cidade de Joa\u00e7aba, local da sua sepultura, desde 1987. Fa\u00e7a sol ou fa\u00e7a chuva, a cada ano que passa o clamor popular \u00e9 mais vibrante e a devo\u00e7\u00e3o cresce sensivelmente!\u201d, recorda o Ministro Provincial.<\/p>\n<p style=\"text-align: justify\">\u201cQuerer que Frei Bruno seja beatificado (e canonizado) \u00e9 reconhecer nele a import\u00e2ncia do peregrinar apost\u00f3lico em esp\u00edrito de pobreza e humildade, de sermos austeros e disciplinados na vida de ora\u00e7\u00e3o, de jamais medirmos esfor\u00e7os para atender as pessoas, principalmente aquelas que mais necessitam da nossa miseric\u00f3rdia\u201d, completa o Ministro Provincial.<\/p>\n<p style=\"text-align: justify\">Frei Bruno era sacerdote da Ordem dos Frades Menores \u2013 Prov\u00edncia da Imaculada Concei\u00e7\u00e3o do Brasil. Nascido em 1876 em Dusseldorf, na Alemanha, ingressou aos 18 anos na fam\u00edlia franciscana, recebendo o h\u00e1bito em 1894. No mesmo ano, foi transferido para o Brasil.<\/p>\n<p style=\"text-align: justify\">Sua ordena\u00e7\u00e3o sacerdotal ocorreu em 1901, em Petr\u00f3polis (RJ). Em 1904, foi transferido para o sul do pa\u00eds, atuando em diversas localidades dos Estados de Santa Catarina e Rio Grande do Sul. Exerceu a miss\u00e3o de superior e de p\u00e1roco diversas vezes, e tamb\u00e9m foi coadjutor.<\/p>\n<p style=\"text-align: justify\">De 1926 a 1945, atuou na cidade de Rodeio (SC). Neste per\u00edodo, foi o orientador espiritual da Companhia das Irm\u00e3s Catequistas Franciscanas. Quando completou 80 anos, seus superiores o enviaram para a cidade de Joa\u00e7aba (SC). Em seus \u00faltimos anos de vida, Frei Bruno exerceu o apostolado de visita \u00e0s fam\u00edlias. Atendeu confiss\u00f5es at\u00e9 o \u00faltimo dia de sua vida. Faleceu no dia 25 de fevereiro de 1960.<\/p>\n","protected":false},"excerpt":{"rendered":"<p>As preces de milhares de devotos, amigos, confrades e admiradores de Frei Bruno Linden foram atendidas. O bispo da Diocese de Joa\u00e7aba (SC), Dom M\u00e1rio Marquez, OFMCap, informou ao governo provincial da Prov\u00edncia Franciscana da Imaculada Concei\u00e7\u00e3o que recebeu o edital concedendo o \u201cNihil obstat\u201d (nada obsta) para dar continuidade \u00e0 causa de Frei Bruno &hellip;<\/p>\n<p class=\"read-more\"> <a class=\"\" href=\"https:\/\/www.cnbb.org.br\/vaticano-concede-nada-obstat-a-beatificacao-de-frei-bruno\/\"> <span class=\"screen-reader-text\">Vaticano concede &#8220;nada obsta&#8221; \u00e0 beatifica\u00e7\u00e3o de Frei Bruno<\/span> Leia mais &raquo;<\/a><\/p>\n","protected":false},"author":83,"featured_media":26265,"comment_status":"open","ping_status":"open","sticky":false,"template":"","format":"standard","meta":{"site-sidebar-layout":"default","site-content-layout":"default","ast-global-header-display":"","ast-banner-title-visibility":"","ast-main-header-display":"","ast-hfb-above-header-display":"","ast-hfb-below-header-display":"","ast-hfb-mobile-header-display":"","site-post-title":"","ast-breadcrumbs-content":"","ast-featured-img":"","footer-sml-layout":"","theme-transparent-header-meta":"","adv-header-id-meta":"","stick-header-meta":"","header-above-stick-meta":"","header-main-stick-meta":"","header-below-stick-meta":""},"categories":[784],"tags":[],"acf":[],"_links":{"self":[{"href":"https:\/\/www.cnbb.org.br\/cnbb-app\/wp\/v2\/posts\/27540"}],"collection":[{"href":"https:\/\/www.cnbb.org.br\/cnbb-app\/wp\/v2\/posts"}],"about":[{"href":"https:\/\/www.cnbb.org.br\/cnbb-app\/wp\/v2\/types\/post"}],"author":[{"embeddable":true,"href":"https:\/\/www.cnbb.org.br\/cnbb-app\/wp\/v2\/users\/83"}],"replies":[{"embeddable":true,"href":"https:\/\/www.cnbb.org.br\/cnbb-app\/wp\/v2\/comments?post=27540"}],"version-history":[{"count":0,"href":"https:\/\/www.cnbb.org.br\/cnbb-app\/wp\/v2\/posts\/27540\/revisions"}],"wp:featuredmedia":[{"embeddable":true,"href":"https:\/\/www.cnbb.org.br\/cnbb-app\/wp\/v2\/media\/26265"}],"wp:attachment":[{"href":"https:\/\/www.cnbb.org.br\/cnbb-app\/wp\/v2\/media?parent=27540"}],"wp:term":[{"taxonomy":"category","embeddable":true,"href":"https:\/\/www.cnbb.org.br\/cnbb-app\/wp\/v2\/categories?post=27540"},{"taxonomy":"post_tag","embeddable":true,"href":"https:\/\/www.cnbb.org.br\/cnbb-app\/wp\/v2\/tags?post=27540"}],"curies":[{"name":"wp","href":"https:\/\/api.w.org\/{rel}","templated":true}]}}