{"id":27573,"date":"2013-07-27T00:00:00","date_gmt":"2013-07-27T03:00:00","guid":{"rendered":"https:\/\/www.cnbb.org.br\/papa-francisco-medita-a-via-sacra-em-copacabana\/"},"modified":"2013-07-27T00:00:00","modified_gmt":"2013-07-27T03:00:00","slug":"papa-francisco-medita-a-via-sacra-em-copacabana","status":"publish","type":"post","link":"https:\/\/www.cnbb.org.br\/papa-francisco-medita-a-via-sacra-em-copacabana\/","title":{"rendered":"Papa Francisco medita a Via Sacra em Copacabana"},"content":{"rendered":"<p style=\"text-align: justify\">\n<p style=\"text-align: justify\">\u201cO caminho da cruz \u00e9 um dos momentos fortes da Jornada Mundial da Juventude\u201d disse o Papa que tamb\u00e9m recordou o gesto de Jo\u00e3o Paulo II que, no final do ano 2000, confiou aos jovens que levassem a cruz pelo mundo inteiro no movimento de evangeliza\u00e7\u00e3o que fazem em torno das jornadas mundiais.<\/p>\n<p>  <!--more-->  <\/p>\n<p style=\"text-align: justify\">&nbsp;\u201cNingu\u00e9m pode tocar na cruz de Jesus sem deixar algo de si nela e sem trazer algo dela pela sua vida\u201d. Em seguida, o Papa pediu que todos se deixassem tocar por 3 perguntas: O que voc\u00eas deixaram na cruz nesse tempo em que elas atravessou o pa\u00eds? O que ficou da cruz na vida de voc\u00eas? E qual \u00e9 o sentido da cruz de Jesus para todos? Para iniciar a brev\u00edssima medita\u00e7\u00e3o sobre essas 3 perguntas, lembrou do epis\u00f3dio contado pela Tradi\u00e7\u00e3o da Igreja que mostra o ap\u00f3stolo Pedro querendo deixando Roma, quando cai em si e reconhece que precisava enfrentar a cruz porque podia contar com Cristo.<\/p>\n<p style=\"text-align: justify\">&nbsp;<\/p>\n<p style=\"text-align: justify\">\u201cCom a cruz, jesus se une \u00e0s fam\u00edlias que se encontra em dificuldade e que choram a perda de seus filhos\u201d, disse ao Papa pedindo que todos rezassem pelos jovens que morreram no inc\u00eandio da Boate Kiss, no in\u00edcio deste ano, que deixou 242 mortes em Santa Maria (RS).<\/p>\n<p style=\"text-align: justify\">O Papa lembrou que com a cruz, Jesus est\u00e1 junto de pais e m\u00e3es que choram ao ver seus filhos perdidos em para\u00edsos falsos como as drogas. Com a cruz, Jesus est\u00e1 junto a tantos jovens que se desiludem com a pol\u00edtica, com a Igreja e com Deus por causa da incoer\u00eancias de seus ministros. E recordou ainda que Jesus carrega as cruzes de todos sobre seus pr\u00f3prios ombros e d\u00e1 \u00e2nimo a todos. Para responder \u00e0 segunda pergunta, sobre o que a cruz de Cristo deixa em cada pessoa, o Papa disse que deixa a certeza do amor fiel de Deus por todos. Cristo que entra no pecado e perdoa, entra no sofrimento e alivia. E, lembrando a \u00faltima pergunta disse que \u201cna cruz de Cristo est\u00e1 todo o amor de Deus e sua imensa miseric\u00f3rdia\u201d. E que s\u00f3 em Cristo morto e ressuscitado se encontra a salva\u00e7\u00e3o. Com Cristo, disse o Papa, o sofrimento e a morte n\u00e3o t\u00eam a \u00faltima palavra. Cristo transformou a cruz num s\u00edmbolo de amor, de vit\u00f3ria e de vida.<\/p>\n<p style=\"text-align: justify\">O Papa destacou que o primeiro nome de Brasil foi \u201cTerra de Santa Cruz\u201d e a cruz de Cristo n\u00e3o foi plantada somente na praia ha 5 s\u00e9culos, mas no cora\u00e7\u00e3o e na hist\u00f3ria do Brasil. \u201cN\u00e3o h\u00e1 cruz pequena ou grande que Cristo n\u00e3o nos ajuda a carregar\u201d, afirmou. O Pont\u00edfice afirmou que a cruz convida a sair de si mesmo e estender a m\u00e3o aos outros. E finalizou perguntando aos jovens qual seria o rosto daqueles personagens que seguiram Jesus no caminho da cruz. Perguntou aos jovens que pensassem se queriam ser como covarde Pilatos ou solid\u00e1rios como Maria e Cirineu. \u201cQueridos jovens: levamos as nossas alegrias, os nossos sofrimentos, os nossos fracassos para a cruz de Cristo.\u201d<\/p>\n","protected":false},"excerpt":{"rendered":"<p>\u201cO caminho da cruz \u00e9 um dos momentos fortes da Jornada Mundial da Juventude\u201d disse o Papa que tamb\u00e9m recordou o gesto de Jo\u00e3o Paulo II que, no final do ano 2000, confiou aos jovens que levassem a cruz pelo mundo inteiro no movimento de evangeliza\u00e7\u00e3o que fazem em torno das jornadas mundiais.<\/p>\n","protected":false},"author":83,"featured_media":27574,"comment_status":"open","ping_status":"open","sticky":false,"template":"","format":"standard","meta":{"site-sidebar-layout":"default","site-content-layout":"default","ast-global-header-display":"","ast-banner-title-visibility":"","ast-main-header-display":"","ast-hfb-above-header-display":"","ast-hfb-below-header-display":"","ast-hfb-mobile-header-display":"","site-post-title":"","ast-breadcrumbs-content":"","ast-featured-img":"","footer-sml-layout":"","theme-transparent-header-meta":"","adv-header-id-meta":"","stick-header-meta":"","header-above-stick-meta":"","header-main-stick-meta":"","header-below-stick-meta":""},"categories":[784],"tags":[],"acf":[],"_links":{"self":[{"href":"https:\/\/www.cnbb.org.br\/cnbb-app\/wp\/v2\/posts\/27573"}],"collection":[{"href":"https:\/\/www.cnbb.org.br\/cnbb-app\/wp\/v2\/posts"}],"about":[{"href":"https:\/\/www.cnbb.org.br\/cnbb-app\/wp\/v2\/types\/post"}],"author":[{"embeddable":true,"href":"https:\/\/www.cnbb.org.br\/cnbb-app\/wp\/v2\/users\/83"}],"replies":[{"embeddable":true,"href":"https:\/\/www.cnbb.org.br\/cnbb-app\/wp\/v2\/comments?post=27573"}],"version-history":[{"count":0,"href":"https:\/\/www.cnbb.org.br\/cnbb-app\/wp\/v2\/posts\/27573\/revisions"}],"wp:featuredmedia":[{"embeddable":true,"href":"https:\/\/www.cnbb.org.br\/cnbb-app\/wp\/v2\/media\/27574"}],"wp:attachment":[{"href":"https:\/\/www.cnbb.org.br\/cnbb-app\/wp\/v2\/media?parent=27573"}],"wp:term":[{"taxonomy":"category","embeddable":true,"href":"https:\/\/www.cnbb.org.br\/cnbb-app\/wp\/v2\/categories?post=27573"},{"taxonomy":"post_tag","embeddable":true,"href":"https:\/\/www.cnbb.org.br\/cnbb-app\/wp\/v2\/tags?post=27573"}],"curies":[{"name":"wp","href":"https:\/\/api.w.org\/{rel}","templated":true}]}}