{"id":27575,"date":"2013-07-28T00:00:00","date_gmt":"2013-07-28T03:00:00","guid":{"rendered":"https:\/\/www.cnbb.org.br\/papa-francisco-encontrou-presidencia-da-cnbb-cardeais-e-bispos-brasileiros\/"},"modified":"2013-07-28T00:00:00","modified_gmt":"2013-07-28T03:00:00","slug":"papa-francisco-encontrou-presidencia-da-cnbb-cardeais-e-bispos-brasileiros","status":"publish","type":"post","link":"https:\/\/www.cnbb.org.br\/papa-francisco-encontrou-presidencia-da-cnbb-cardeais-e-bispos-brasileiros\/","title":{"rendered":"Papa Francisco encontrou Presid\u00eancia da CNBB, Cardeais e Bispos brasileiros"},"content":{"rendered":"<p style=\"text-align: justify\">O \u00faltimo compromisso do Papa Francisco neste s\u00e1bado, 27 de julho, antes do encontro com os jovens para a Vig\u00edlia na Praia de Copacabana, foi o encontro e almo\u00e7o com a Presid\u00eancia da Confer\u00eancia Nacional dos Bispos do Brasil, com os Cardeais e Bispos brasileiros no Arcebispado do Rio de Janeiro. No seu discurso, o Papa inicia destacando o Documento de Aparecida, abordando a seguir diversos t\u00f3picos, como o \u2018Apre\u00e7o pelo percurso da Igreja no Brasil\u2019, o \u2018\u00cdcone de Ema\u00fas como chave de leitura do presente e do futuro\u2019, \u2018Os desafios da Igreja no Brasil\u2019, al\u00e9m de abordar temas como a Colegialidade, miss\u00e3o, fun\u00e7\u00e3o da Igreja no Brasil e Amaz\u00f4nia. O Papa foi saudado pelo Cardeal Raymundo Damasceno Assis.<\/p>\n<p><!--more--><\/p>\n<p style=\"text-align: justify\">\u201cA for\u00e7a da Igreja n\u00e3o est\u00e1 em si mesma, mas esconde-se nas \u00e1guas profundas de Deus nas quais \u00e9 chamada a lan\u00e7ar as redes\u201d, afirmou o Papa Francisco retomando assim no seu discurso a hist\u00f3ria de Nossa Senhora de Aparecida. \u201cNa origem da hist\u00f3ria de Aparecida est\u00e3o tr\u00eas pobres pescadores que lan\u00e7am as redes mas n\u00e3o conseguem pegar nada, at\u00e9 pescar uma imagem de cer\u00e2mica, primeiro o corpo e ap\u00f3s a cabe\u00e7a. \u00c9 a imagem de Nossa Senhora da Concei\u00e7\u00e3o. Somente ent\u00e3o conseguem pegar uma grande quantidade de peixe\u201d. O Papa Francisco faz refer\u00eancia a esta hist\u00f3ria para sublinhar que Deus chegou de surpresa. Os pescadores, de sua parte, n\u00e3o desprezam o mist\u00e9rio encontrado no rio:<\/p>\n<p style=\"text-align: justify\">\u201cExiste algo de s\u00e1bio que devemos aprender. Existem peda\u00e7os de um mist\u00e9rio, como pe\u00e7as de um mosaico, que encontramos e vemos. N\u00f3s queremos ver muito r\u00e1pido o todo e deus, ao contr\u00e1rio, se revela pouco a pouco. Tamb\u00e9m a Igreja deve aprender esta espera\u201d.<\/p>\n<p style=\"text-align: justify\">Os pescadores, ap\u00f3s, levam a casa o mist\u00e9rio, confiam a Virgem a sua causa e \u201cpermitem assim que as inten\u00e7\u00f5es de Deus possam atuar: uma gra\u00e7a, depois outra\u201d. O Senhor desperta no homem o desejo de cuid\u00e1-Lo no pr\u00f3prio cora\u00e7\u00e3o e n\u00e3o o desejo de chamar os vizinhos para fazer conhecer a sua beleza. Mas sem a simplicidade da sua atitude, \u201ca nossa miss\u00e3o est\u00e1 destinada ao fracasso\u201d.<\/p>\n<p style=\"text-align: justify\">\u201cO barco da Igreja, ent\u00e3o, o resultado do trabalho pastoral n\u00e3o deve se apoiar na riqueza dos recursos, mas na criatividade do amor. Serve tenacidade e organiza\u00e7\u00e3o, mas antes de tudo \u00e9 necess\u00e1rio \u201csaber que a for\u00e7a da Igreja n\u00e3o reside em si mesma, mas se esconde nas \u00e1guas profundas de Deus, nas quais \u00e9 chamada a lan\u00e7ar as redes\u201d. A Igreja, assim, n\u00e3o pode afastar-se da simplicidade:<\/p>\n<p style=\"text-align: justify\">\u201c\u00c0s vezes perdemos aqueles que n\u00e3o nos entendem porque desaprendemos a simplicidade, importando de fora tamb\u00e9m uma racionalidade alienada da nossa gente. Sem a gram\u00e1tica da simplicidade, a Igreja se priva das condi\u00e7\u00f5es que tornam poss\u00edvel \u2018pescar Deus\u2019 nas \u00e1guas profundas do seu Mist\u00e9rio\u201d.<\/p>\n<p style=\"text-align: justify\">Francisco recordou que a Igreja no Brasil aplicou \u201ccom originalidade o Conc\u00edlio Vaticano II e o percurso realizado, mesmo tendo que superar certas enfermidades infantis, levando a uma Igreja gradualmente mais madura, aberta, generosa, mission\u00e1ria\u201d.<\/p>\n<p style=\"text-align: justify\">A partir da\u00ed, o Papa concentrou-se na passagem dos Disc\u00edpulos de Ema\u00fas, escandalizados pela aparente derrota do messias. O pensamento dirigiu-se a todos que abandonam a Igreja por talvez ela parecer muito fria, talvez muito auto-referencial, talvez muito prisioneira das pr\u00f3prias linguagens r\u00edgidas. Diante desta situa\u00e7\u00e3o, \u201c\u00e9 necess\u00e1rio uma Igreja que n\u00e3o tenha medo de sair na sua noite\u201d, disse Francisco.<\/p>\n<p style=\"text-align: justify\">\u201cNecessitamos de uma Igreja capaz de encontrar-se em seu caminho. \u00c9 necess\u00e1rio uma Igreja capaz de inserir-se na sua conversa\u00e7\u00e3o. \u00c9 necess\u00e1rio uma Igreja que saiba dialogar com estes disc\u00edpulos, os quais, fugindo de Jerusal\u00e9m, vagam sem uma meta, sozinhos, com o pr\u00f3prio desencanto, com a desilus\u00e3o de um cristianismo considerado muito \u2018terreno est\u00e9ril\u2019, infecundo, incapaz de dar um sentido\u201d.<\/p>\n<p style=\"text-align: justify\"><em><strong>Fonte: R\u00e1dio Vaticano<\/strong><\/em><\/p>\n","protected":false},"excerpt":{"rendered":"<p>O \u00faltimo compromisso do Papa Francisco neste s\u00e1bado, 27 de julho, antes do encontro com os jovens para a Vig\u00edlia na Praia de Copacabana, foi o encontro e almo\u00e7o com a Presid\u00eancia da Confer\u00eancia Nacional dos Bispos do Brasil, com os Cardeais e Bispos brasileiros no Arcebispado do Rio de Janeiro. No seu discurso, o &hellip;<\/p>\n<p class=\"read-more\"> <a class=\"\" href=\"https:\/\/www.cnbb.org.br\/papa-francisco-encontrou-presidencia-da-cnbb-cardeais-e-bispos-brasileiros\/\"> <span class=\"screen-reader-text\">Papa Francisco encontrou Presid\u00eancia da CNBB, Cardeais e Bispos brasileiros<\/span> Leia mais &raquo;<\/a><\/p>\n","protected":false},"author":83,"featured_media":27576,"comment_status":"open","ping_status":"open","sticky":false,"template":"","format":"standard","meta":{"site-sidebar-layout":"default","site-content-layout":"default","ast-global-header-display":"","ast-banner-title-visibility":"","ast-main-header-display":"","ast-hfb-above-header-display":"","ast-hfb-below-header-display":"","ast-hfb-mobile-header-display":"","site-post-title":"","ast-breadcrumbs-content":"","ast-featured-img":"","footer-sml-layout":"","theme-transparent-header-meta":"","adv-header-id-meta":"","stick-header-meta":"","header-above-stick-meta":"","header-main-stick-meta":"","header-below-stick-meta":""},"categories":[784],"tags":[],"acf":[],"_links":{"self":[{"href":"https:\/\/www.cnbb.org.br\/cnbb-app\/wp\/v2\/posts\/27575"}],"collection":[{"href":"https:\/\/www.cnbb.org.br\/cnbb-app\/wp\/v2\/posts"}],"about":[{"href":"https:\/\/www.cnbb.org.br\/cnbb-app\/wp\/v2\/types\/post"}],"author":[{"embeddable":true,"href":"https:\/\/www.cnbb.org.br\/cnbb-app\/wp\/v2\/users\/83"}],"replies":[{"embeddable":true,"href":"https:\/\/www.cnbb.org.br\/cnbb-app\/wp\/v2\/comments?post=27575"}],"version-history":[{"count":0,"href":"https:\/\/www.cnbb.org.br\/cnbb-app\/wp\/v2\/posts\/27575\/revisions"}],"wp:featuredmedia":[{"embeddable":true,"href":"https:\/\/www.cnbb.org.br\/cnbb-app\/wp\/v2\/media\/27576"}],"wp:attachment":[{"href":"https:\/\/www.cnbb.org.br\/cnbb-app\/wp\/v2\/media?parent=27575"}],"wp:term":[{"taxonomy":"category","embeddable":true,"href":"https:\/\/www.cnbb.org.br\/cnbb-app\/wp\/v2\/categories?post=27575"},{"taxonomy":"post_tag","embeddable":true,"href":"https:\/\/www.cnbb.org.br\/cnbb-app\/wp\/v2\/tags?post=27575"}],"curies":[{"name":"wp","href":"https:\/\/api.w.org\/{rel}","templated":true}]}}