{"id":27623,"date":"2013-10-10T00:00:00","date_gmt":"2013-10-10T03:00:00","guid":{"rendered":"https:\/\/www.cnbb.org.br\/carta-dos-direitos-fundamentais-da-familia-e-tema-de-assembleia-no-vaticano\/"},"modified":"2013-10-10T00:00:00","modified_gmt":"2013-10-10T03:00:00","slug":"carta-dos-direitos-fundamentais-da-familia-e-tema-de-assembleia-no-vaticano","status":"publish","type":"post","link":"https:\/\/www.cnbb.org.br\/carta-dos-direitos-fundamentais-da-familia-e-tema-de-assembleia-no-vaticano\/","title":{"rendered":"Carta dos Direitos Fundamentais da Fam\u00edlia ser\u00e1 tema de Assembleia, no Vaticano"},"content":{"rendered":"<p style=\"text-align: justify\">\u201cA fam\u00edlia tem de voltar a ser o centro da cultura, pol\u00edtica, economia e da vida dos povos e na\u00e7\u00f5es\u201d, disse o presidente do Pontif\u00edcio Conselho para a Fam\u00edlia, arcebispo Vincenzo Paglia, durante a divulga\u00e7\u00e3o da Assembleia Plen\u00e1ria desta institui\u00e7\u00e3o, a ser realizada em Roma, de 23 a 25 de outubro.&nbsp;<\/p>\n<p>  <!--more-->  <\/p>\n<p style=\"text-align: justify\">Al\u00e9m dos trabalhos do comit\u00ea da presid\u00eancia, membros e consultores e das atividades do Pontif\u00edcio Conselho, ser\u00e3o discutidos, na Assembleia, os direitos da fam\u00edlia a partir do di\u00e1logo inter-religioso nas perspectivas judaica e isl\u00e2mica.&nbsp;<\/p>\n<p style=\"text-align: justify\">No dia 24, haver\u00e1 uma confer\u00eancia aberta ao p\u00fablico sobre a Carta dos Direitos Fundamentais da Fam\u00edlia, que completa 30 anos. Ser\u00e3o abordados os fundamentos teol\u00f3gicos da Carta; a concep\u00e7\u00e3o do matrim\u00f4nio natural; o papel do Estado no reconhecimento do matrim\u00f4nio como institui\u00e7\u00e3o; a atualidade pertinente da Carta dos Direitos da Fam\u00edlia, mostrando seus la\u00e7os com a cultura e a sociedade contempor\u00e2neas. Tamb\u00e9m ser\u00e1 feito um paralelo entre o documento e a legisla\u00e7\u00e3o internacional, como tamb\u00e9m com os direitos da mulher.<\/p>\n<p style=\"text-align: justify\">Dom Paglia afirmou que \u201ca fam\u00edlia deve estar cada vez mais no centro da aten\u00e7\u00e3o e preocupa\u00e7\u00e3o da Igreja\u201d. Disse que a realiza\u00e7\u00e3o do pr\u00f3ximo S\u00ednodo recorda esta urg\u00eancia. \u201cTodas as dioceses do mundo s\u00e3o convidadas a refletir, repensar e dar um novo impulso \u00e0 Pastoral Familiar\u201d, disse.<\/p>\n<p style=\"text-align: justify\">O papa Francisco receber\u00e1, em audi\u00eancia, os participantes da Assembleia, no dia 25 de outubro. Neste mesmo dia, na parte da tarde, ser\u00e1 apresentado o 8\u00ba Encontro Mundial das Fam\u00edlias, que acontecer\u00e1 na Filad\u00e9lfia, Estados Unidos, em setembro de 2015.<\/p>\n<p style=\"text-align: justify\"><strong>Peregrina\u00e7\u00e3o<\/strong><br \/>Cerca de 1500 fam\u00edlias devem participar da peregrina\u00e7\u00e3o ao t\u00famulo de S\u00e3o Pedro, nos dias 26 e 27 de outubro. A peregrina\u00e7\u00e3o est\u00e1 em sintonia com o Ano da F\u00e9 e abordar\u00e1 o tema \u201cFam\u00edlia, vive a alegria da f\u00e9\u201d.<\/p>\n<p style=\"text-align: justify\">No s\u00e1bado \u00e0 tarde, as fam\u00edlias procedentes de setenta pa\u00edses dos cinco continentes se encontrar\u00e3o, pela primeira vez, com o papa, na Pra\u00e7a de S\u00e3o Pedro. No domingo, ap\u00f3s a celebra\u00e7\u00e3o eucar\u00edstica, o pont\u00edfice aben\u00e7oar\u00e1 todas as fam\u00edlias do mundo. \u201cNo s\u00e1bado \u00e0 tarde, haver\u00e1 centenas de crian\u00e7as e idosos pr\u00f3ximos ao papa. Uma novidade com rela\u00e7\u00e3o aos outros encontros com as fam\u00edlias. Tal a\u00e7\u00e3o dar\u00e1 visibilidade \u00e0s gera\u00e7\u00f5es que caracterizam e enriquem as viv\u00eancias de cada fam\u00edlia e, ao mesmo temo, relevo a dois grupos particularmente fr\u00e1geis e dignos de maior aten\u00e7\u00e3o\u201d, explicou o subsecret\u00e1rio do Pontif\u00edcio Conselho, monsenhor Sim\u00f3n V\u00e1zquez.<\/p>\n","protected":false},"excerpt":{"rendered":"<p>\u201cA fam\u00edlia tem de voltar a ser o centro da cultura, pol\u00edtica, economia e da vida dos povos e na\u00e7\u00f5es\u201d, disse o presidente do Pontif\u00edcio Conselho para a Fam\u00edlia, arcebispo Vincenzo Paglia, durante a divulga\u00e7\u00e3o da Assembleia Plen\u00e1ria desta institui\u00e7\u00e3o, a ser realizada em Roma, de 23 a 25 de outubro.&nbsp;<\/p>\n","protected":false},"author":83,"featured_media":27624,"comment_status":"open","ping_status":"open","sticky":false,"template":"","format":"standard","meta":{"site-sidebar-layout":"default","site-content-layout":"default","ast-global-header-display":"","ast-banner-title-visibility":"","ast-main-header-display":"","ast-hfb-above-header-display":"","ast-hfb-below-header-display":"","ast-hfb-mobile-header-display":"","site-post-title":"","ast-breadcrumbs-content":"","ast-featured-img":"","footer-sml-layout":"","theme-transparent-header-meta":"","adv-header-id-meta":"","stick-header-meta":"","header-above-stick-meta":"","header-main-stick-meta":"","header-below-stick-meta":""},"categories":[784],"tags":[],"acf":[],"_links":{"self":[{"href":"https:\/\/www.cnbb.org.br\/cnbb-app\/wp\/v2\/posts\/27623"}],"collection":[{"href":"https:\/\/www.cnbb.org.br\/cnbb-app\/wp\/v2\/posts"}],"about":[{"href":"https:\/\/www.cnbb.org.br\/cnbb-app\/wp\/v2\/types\/post"}],"author":[{"embeddable":true,"href":"https:\/\/www.cnbb.org.br\/cnbb-app\/wp\/v2\/users\/83"}],"replies":[{"embeddable":true,"href":"https:\/\/www.cnbb.org.br\/cnbb-app\/wp\/v2\/comments?post=27623"}],"version-history":[{"count":0,"href":"https:\/\/www.cnbb.org.br\/cnbb-app\/wp\/v2\/posts\/27623\/revisions"}],"wp:featuredmedia":[{"embeddable":true,"href":"https:\/\/www.cnbb.org.br\/cnbb-app\/wp\/v2\/media\/27624"}],"wp:attachment":[{"href":"https:\/\/www.cnbb.org.br\/cnbb-app\/wp\/v2\/media?parent=27623"}],"wp:term":[{"taxonomy":"category","embeddable":true,"href":"https:\/\/www.cnbb.org.br\/cnbb-app\/wp\/v2\/categories?post=27623"},{"taxonomy":"post_tag","embeddable":true,"href":"https:\/\/www.cnbb.org.br\/cnbb-app\/wp\/v2\/tags?post=27623"}],"curies":[{"name":"wp","href":"https:\/\/api.w.org\/{rel}","templated":true}]}}