{"id":27625,"date":"2013-10-11T00:00:00","date_gmt":"2013-10-11T03:00:00","guid":{"rendered":"https:\/\/www.cnbb.org.br\/papa-francisco-autoriza-decreto-de-beatificacao-de-religiosa-que-viveu-no-brasil\/"},"modified":"2013-10-11T00:00:00","modified_gmt":"2013-10-11T03:00:00","slug":"papa-francisco-autoriza-decreto-de-beatificacao-de-religiosa-que-viveu-no-brasil","status":"publish","type":"post","link":"https:\/\/www.cnbb.org.br\/papa-francisco-autoriza-decreto-de-beatificacao-de-religiosa-que-viveu-no-brasil\/","title":{"rendered":"Papa Francisco autoriza decreto de beatifica\u00e7\u00e3o de religiosa que viveu no Brasil"},"content":{"rendered":"<p style=\"text-align: justify\">O Vaticano divulgou nesta sexta-feira, 11 de outubro, novos decretos da Congrega\u00e7\u00e3o da Causa dos Santos. O documento informa que no dia 9 de outubro, o papa Francisco acolheu o pedido da canoniza\u00e7\u00e3o da beata Angela de Foligno, da Ordem Secular de S\u00e3o Francisco, que viveu no s\u00e9culo XIII.<\/p>\n<p>  <!--more-->  <\/p>\n<p style=\"text-align: justify\">No mesmo ato, o pont\u00edfice autorizou a Congrega\u00e7\u00e3o a promulgar decretos referentes a sete causas de beatifica\u00e7\u00e3o, entre eles de duas pessoas que viveram no Brasil. Foi aprovado o milagre atribu\u00eddo \u00e0 intercess\u00e3o da Serva de Deus, Maria Assunta Caterina Marchetti (foto), co-fundadora da Congrega\u00e7\u00e3o das Irm\u00e3s Mission\u00e1rias de S\u00e3o Carlos. Ela nasceu na It\u00e1lia, mas faleceu na cidade de S\u00e3o Paulo (SP), em 1948, ap\u00f3s 50 anos de vida mission\u00e1ria no pa\u00eds.<\/p>\n<p style=\"text-align: justify\">A postuladora da causa, irm\u00e3 Leoc\u00e1rdia Mezzomo, explica que a expectativa agora \u00e9 pela publica\u00e7\u00e3o do decreto de beatifica\u00e7\u00e3o. \u201cCertamente, a celebra\u00e7\u00e3o ser\u00e1 realizada, muito em breve, na cidade de S\u00e3o Paulo. As irm\u00e3s Scalabrinianas aguardam, com alegria, esse an\u00fancio\u201d, afirma.<\/p>\n<p style=\"text-align: justify\"><strong>Virtudes heroicas<\/strong><\/p>\n<p style=\"text-align: justify\">Foi autorizada tamb\u00e9m a promulga\u00e7\u00e3o do decreto referente \u00e0s virtudes her\u00f3icas do Servo de Deus Attilio Luciano Giordani. Leigo e pai de fam\u00edlia, foi cooperador da Sociedade Salesiana de S\u00e3o Jo\u00e3o Bosco. Nasceu na It\u00e1lia em 1913 e faleceu no Brasil, em Campo Grande (MS), em 1972.<\/p>\n<p style=\"text-align: justify\">O papa Francisco tamb\u00e9m autorizou a publica\u00e7\u00e3o dos decretos referentes \u00e0s virtudes heroicas de Amato Ronconi, fundador da Casa de Repouso Obra Pia Beato Amato Ronconi, na It\u00e1lia;&nbsp; bispo Pio Alberto Del Corona, fundador da Congrega\u00e7\u00e3o das Irm\u00e3s Dominicanas do Esp\u00edrito Santo; Maria Elisabetta Turgeon, fundadora da Congrega\u00e7\u00e3o das Irm\u00e3s de Nossa Senhora do Santo Ros\u00e1rio de S\u00e3o Germain, no Canad\u00e1; Maria de S\u00e3o Francisco Wilson, Fundadora da Congrega\u00e7\u00e3o das Irm\u00e3s Franciscanas de Nossa Senhora das Vit\u00f3rias; e de Maria Eleonora Giorgi, da Congrega\u00e7\u00e3o das Servas da Virgem Maria Adolorada de Floren\u00e7a.<\/p>\n","protected":false},"excerpt":{"rendered":"<p>O Vaticano divulgou nesta sexta-feira, 11 de outubro, novos decretos da Congrega\u00e7\u00e3o da Causa dos Santos. O documento informa que no dia 9 de outubro, o papa Francisco acolheu o pedido da canoniza\u00e7\u00e3o da beata Angela de Foligno, da Ordem Secular de S\u00e3o Francisco, que viveu no s\u00e9culo XIII.<\/p>\n","protected":false},"author":83,"featured_media":27626,"comment_status":"open","ping_status":"open","sticky":false,"template":"","format":"standard","meta":{"site-sidebar-layout":"default","site-content-layout":"default","ast-global-header-display":"","ast-banner-title-visibility":"","ast-main-header-display":"","ast-hfb-above-header-display":"","ast-hfb-below-header-display":"","ast-hfb-mobile-header-display":"","site-post-title":"","ast-breadcrumbs-content":"","ast-featured-img":"","footer-sml-layout":"","theme-transparent-header-meta":"","adv-header-id-meta":"","stick-header-meta":"","header-above-stick-meta":"","header-main-stick-meta":"","header-below-stick-meta":""},"categories":[784],"tags":[],"acf":[],"_links":{"self":[{"href":"https:\/\/www.cnbb.org.br\/cnbb-app\/wp\/v2\/posts\/27625"}],"collection":[{"href":"https:\/\/www.cnbb.org.br\/cnbb-app\/wp\/v2\/posts"}],"about":[{"href":"https:\/\/www.cnbb.org.br\/cnbb-app\/wp\/v2\/types\/post"}],"author":[{"embeddable":true,"href":"https:\/\/www.cnbb.org.br\/cnbb-app\/wp\/v2\/users\/83"}],"replies":[{"embeddable":true,"href":"https:\/\/www.cnbb.org.br\/cnbb-app\/wp\/v2\/comments?post=27625"}],"version-history":[{"count":0,"href":"https:\/\/www.cnbb.org.br\/cnbb-app\/wp\/v2\/posts\/27625\/revisions"}],"wp:featuredmedia":[{"embeddable":true,"href":"https:\/\/www.cnbb.org.br\/cnbb-app\/wp\/v2\/media\/27626"}],"wp:attachment":[{"href":"https:\/\/www.cnbb.org.br\/cnbb-app\/wp\/v2\/media?parent=27625"}],"wp:term":[{"taxonomy":"category","embeddable":true,"href":"https:\/\/www.cnbb.org.br\/cnbb-app\/wp\/v2\/categories?post=27625"},{"taxonomy":"post_tag","embeddable":true,"href":"https:\/\/www.cnbb.org.br\/cnbb-app\/wp\/v2\/tags?post=27625"}],"curies":[{"name":"wp","href":"https:\/\/api.w.org\/{rel}","templated":true}]}}