{"id":27627,"date":"2013-10-12T00:00:00","date_gmt":"2013-10-12T03:00:00","guid":{"rendered":"https:\/\/www.cnbb.org.br\/cardeal-damasceno-assis-recorda-palavras-do-papa-francisco-sobre-nossa-senhora-aparecida-1\/"},"modified":"2013-10-12T00:00:00","modified_gmt":"2013-10-12T03:00:00","slug":"cardeal-damasceno-assis-recorda-palavras-do-papa-francisco-sobre-nossa-senhora-aparecida-1","status":"publish","type":"post","link":"https:\/\/www.cnbb.org.br\/cardeal-damasceno-assis-recorda-palavras-do-papa-francisco-sobre-nossa-senhora-aparecida-1\/","title":{"rendered":"Cardeal Damasceno Assis recorda palavras do papa Francisco sobre Nossa Senhora Aparecida"},"content":{"rendered":"<p style=\"text-align: justify\">\u201cTr\u00eas pescadores, depois de um dia sem conseguir apanhar peixes, nas \u00e1guas do rio Para\u00edba, encontraram algo inesperado: uma imagem de Nossa Senhora da Concei\u00e7\u00e3o. Quem poderia imaginar que o lugar de uma pesca infrut\u00edfera tornar-se-ia o lugar onde todos os brasileiros podem se sentir filhos de uma mesma M\u00e3e?\u201d, questionou o arcebispo de Aparecida (SP) e presidente da CNBB, cardeal Damasceno Assis, durante homilia da Missa Solene em homenagem \u00e0 Nossa Senhora Aparecida, padroeira do Brasil. A missa foi concelebrada pelo bispo auxiliar de Bras\u00edlia e secret\u00e1rio geral da CNBB, dom Leonardo Ulrich Steiner, e pelo bispo em\u00e9rito de Barretos (SP), dom Pedro Fr\u00e9.<\/p>\n<p>  <!--more-->  <\/p>\n<p style=\"text-align: justify\">Dom Damasceno lembrou que o encontro da imagem da Virgem de Aparecida ocorreu em 1717, quando os pescadores Domingos Garcia, Jo\u00e3o Alves e Felipe Pedroso foram incumbidos de conseguir certa quantidade de peixes no rio Para\u00edba, devido \u00e0 passagem por Guaratinguet\u00e1 do Conde de Assumar, em viagem para a tomada de posse como governador de S\u00e3o Paulo e Minas de ouro.&nbsp;<\/p>\n<p style=\"text-align: justify\">O presidente da CNBB recordou tamb\u00e9m as palavras do papa Francisco, quando esteve no Santu\u00e1rio Nacional, em julho deste ano.&nbsp; \u201cEm Aparecida, Deus ofereceu ao Brasil a sua pr\u00f3pria M\u00e3e e Ela quis manifestar-se nessa regi\u00e3o do Vale do Para\u00edba de maneira simples, sem fato espetacular, sem mensagem especial. Solid\u00e1ria, por\u00e9m, com aqueles pobres pescadores e na sua cor negra, identificada com os escravos da \u00e9poca e os exclu\u00eddos de hoje. Ela quis escolher essa terra para derramar as b\u00ean\u00e7\u00e3os de Deus sobre o Brasil e o povo devoto que aqui vem para venerar a milagrosa imagem e para proclamar seus louvores e gra\u00e7as\u201d, disse.<\/p>\n<p style=\"text-align: justify\">Dom Damasceno lembrou, ainda, que Francisco chamara a aten\u00e7\u00e3o para tr\u00eas posturas que devem ser cultivadas: Conservar a esperan\u00e7a, deixar-se surpreender por Deus e viver na alegria.<\/p>\n<p style=\"text-align: justify\">Segundo o cardeal, mesmo diante das dificuldades na vida de cada um, Deus nunca deixa que o ser humano seja submergido. \u201cTenham sempre no cora\u00e7\u00e3o esta certeza. Deus caminha a seu lado, nunca lhes deixa desamparados! Nunca percamos a esperan\u00e7a! Nunca deixemos que ela se apague nos nossos cora\u00e7\u00f5es!\u201d, acrescentou.<\/p>\n<p style=\"text-align: justify\">Missas, prociss\u00f5es, novenas e vig\u00edlia precederam esta celebra\u00e7\u00e3o em homenagem \u00e0 padroeira do Brasil. A programa\u00e7\u00e3o teve in\u00edcio no \u00faltimo dia 3 e reuniu milhares de fieis e volunt\u00e1rios que trabalharam na organiza\u00e7\u00e3o do evento. Durante as novenas, as pessoas foram convidadas a realizar um gesto concreto, com ofertas de alimentos e itens de higiene que ser\u00e3o doados \u00e0s institui\u00e7\u00f5es sociais de Aparecida e regi\u00e3o.<\/p>\n","protected":false},"excerpt":{"rendered":"<p>\u201cTr\u00eas pescadores, depois de um dia sem conseguir apanhar peixes, nas \u00e1guas do rio Para\u00edba, encontraram algo inesperado: uma imagem de Nossa Senhora da Concei\u00e7\u00e3o. Quem poderia imaginar que o lugar de uma pesca infrut\u00edfera tornar-se-ia o lugar onde todos os brasileiros podem se sentir filhos de uma mesma M\u00e3e?\u201d, questionou o arcebispo de Aparecida &hellip;<\/p>\n<p class=\"read-more\"> <a class=\"\" href=\"https:\/\/www.cnbb.org.br\/cardeal-damasceno-assis-recorda-palavras-do-papa-francisco-sobre-nossa-senhora-aparecida-1\/\"> <span class=\"screen-reader-text\">Cardeal Damasceno Assis recorda palavras do papa Francisco sobre Nossa Senhora Aparecida<\/span> Leia mais &raquo;<\/a><\/p>\n","protected":false},"author":83,"featured_media":27628,"comment_status":"open","ping_status":"open","sticky":false,"template":"","format":"standard","meta":{"site-sidebar-layout":"default","site-content-layout":"default","ast-global-header-display":"","ast-banner-title-visibility":"","ast-main-header-display":"","ast-hfb-above-header-display":"","ast-hfb-below-header-display":"","ast-hfb-mobile-header-display":"","site-post-title":"","ast-breadcrumbs-content":"","ast-featured-img":"","footer-sml-layout":"","theme-transparent-header-meta":"","adv-header-id-meta":"","stick-header-meta":"","header-above-stick-meta":"","header-main-stick-meta":"","header-below-stick-meta":""},"categories":[784],"tags":[],"acf":[],"_links":{"self":[{"href":"https:\/\/www.cnbb.org.br\/cnbb-app\/wp\/v2\/posts\/27627"}],"collection":[{"href":"https:\/\/www.cnbb.org.br\/cnbb-app\/wp\/v2\/posts"}],"about":[{"href":"https:\/\/www.cnbb.org.br\/cnbb-app\/wp\/v2\/types\/post"}],"author":[{"embeddable":true,"href":"https:\/\/www.cnbb.org.br\/cnbb-app\/wp\/v2\/users\/83"}],"replies":[{"embeddable":true,"href":"https:\/\/www.cnbb.org.br\/cnbb-app\/wp\/v2\/comments?post=27627"}],"version-history":[{"count":0,"href":"https:\/\/www.cnbb.org.br\/cnbb-app\/wp\/v2\/posts\/27627\/revisions"}],"wp:featuredmedia":[{"embeddable":true,"href":"https:\/\/www.cnbb.org.br\/cnbb-app\/wp\/v2\/media\/27628"}],"wp:attachment":[{"href":"https:\/\/www.cnbb.org.br\/cnbb-app\/wp\/v2\/media?parent=27627"}],"wp:term":[{"taxonomy":"category","embeddable":true,"href":"https:\/\/www.cnbb.org.br\/cnbb-app\/wp\/v2\/categories?post=27627"},{"taxonomy":"post_tag","embeddable":true,"href":"https:\/\/www.cnbb.org.br\/cnbb-app\/wp\/v2\/tags?post=27627"}],"curies":[{"name":"wp","href":"https:\/\/api.w.org\/{rel}","templated":true}]}}