{"id":27647,"date":"2013-12-04T00:00:00","date_gmt":"2013-12-04T02:00:00","guid":{"rendered":"https:\/\/www.cnbb.org.br\/conselho-de-cardeais-analisa-trabalhos-das-congregacoes-vaticanas\/"},"modified":"2013-12-04T00:00:00","modified_gmt":"2013-12-04T02:00:00","slug":"conselho-de-cardeais-analisa-trabalhos-das-congregacoes-vaticanas","status":"publish","type":"post","link":"https:\/\/www.cnbb.org.br\/conselho-de-cardeais-analisa-trabalhos-das-congregacoes-vaticanas\/","title":{"rendered":"Conselho de Cardeais analisa trabalhos das congrega\u00e7\u00f5es vaticanas"},"content":{"rendered":"<p style=\"text-align: justify\">\u201cOs trabalhos se desenvolvem em um clima de grande serenidade\u201d, afirmou o diretor da Sala de Imprensa da Santa S\u00e9, padre Federico Lombardi, a respeito da segunda reuni\u00e3o do Conselho de Cardeais, que acontece no Vaticano, desde ontem, dia 3.<\/p>\n<p>  <!--more-->  <\/p>\n<p>\u00a0<\/p>\n<p style=\"text-align: justify\">O grupo, coordenado pelo cardeal Oscar Andr\u00e9s Rodrigues Maradiaga, de Honduras, avalia os trabalhos e as compet\u00eancias das congrega\u00e7\u00f5es vaticanas e analisa a poss\u00edvel reestrutura\u00e7\u00e3o da Secretaria de Estado. Nestas primeiras sess\u00f5es estiveram em pauta as congrega\u00e7\u00f5es sobre as Causas dos Santos, Educa\u00e7\u00e3o Cat\u00f3lica e Evangeliza\u00e7\u00e3o dos Povos.<\/p>\n<p style=\"text-align: justify\">\u201cDurante este dias, talvez se possa completar a primeira rodada de reflex\u00e3o sobre as congrega\u00e7\u00f5es e, em seguida, dos Pontif\u00edcios Conselhos. De toda forma, ressalta-se que se trata de uma primeira an\u00e1lise que ser\u00e1 inserida num quadro mais amplo\u201d, explicou padre Lombardi.<\/p>\n<p style=\"text-align: justify\">O Conselho de Cardeais tem como fun\u00e7\u00e3o ajudar o papa Francisco no projeto de reforma da C\u00faria Romana e no governo da Igreja. Fazem parte do grupo, al\u00e9m do cardeal Maradiaga, os seguintes bispos: Giuseppe Bertello (\u00fanico italiano e \u00fanico curial presente), Francisco Javier Err\u00e1zuriz Ossa (Chile, \u00fanico em\u00e9rito do grupo), Oswald Gracias (\u00cdndia), Reinhard Marx (Alemanha), Laurent Monsengwo Pasinya (Rep\u00fablica Democr\u00e1tica do Congo), Sean Patrick O\u2019Malley (EUA), e George Pell (Austr\u00e1lia). \u00a0O Conselho conta, ainda, com o secret\u00e1rio dom Marcello Semeraro, bispo de Albano (It\u00e1lia).<\/p>\n<div style=\"text-align: justify\"><\/div>\n","protected":false},"excerpt":{"rendered":"<p>\u201cOs trabalhos se desenvolvem em um clima de grande serenidade\u201d, afirmou o diretor da Sala de Imprensa da Santa S\u00e9, padre Federico Lombardi, a respeito da segunda reuni\u00e3o do Conselho de Cardeais, que acontece no Vaticano, desde ontem, dia 3.<\/p>\n","protected":false},"author":83,"featured_media":27648,"comment_status":"open","ping_status":"open","sticky":false,"template":"","format":"standard","meta":{"site-sidebar-layout":"default","site-content-layout":"default","ast-global-header-display":"","ast-banner-title-visibility":"","ast-main-header-display":"","ast-hfb-above-header-display":"","ast-hfb-below-header-display":"","ast-hfb-mobile-header-display":"","site-post-title":"","ast-breadcrumbs-content":"","ast-featured-img":"","footer-sml-layout":"","theme-transparent-header-meta":"","adv-header-id-meta":"","stick-header-meta":"","header-above-stick-meta":"","header-main-stick-meta":"","header-below-stick-meta":""},"categories":[784],"tags":[],"acf":[],"_links":{"self":[{"href":"https:\/\/www.cnbb.org.br\/cnbb-app\/wp\/v2\/posts\/27647"}],"collection":[{"href":"https:\/\/www.cnbb.org.br\/cnbb-app\/wp\/v2\/posts"}],"about":[{"href":"https:\/\/www.cnbb.org.br\/cnbb-app\/wp\/v2\/types\/post"}],"author":[{"embeddable":true,"href":"https:\/\/www.cnbb.org.br\/cnbb-app\/wp\/v2\/users\/83"}],"replies":[{"embeddable":true,"href":"https:\/\/www.cnbb.org.br\/cnbb-app\/wp\/v2\/comments?post=27647"}],"version-history":[{"count":0,"href":"https:\/\/www.cnbb.org.br\/cnbb-app\/wp\/v2\/posts\/27647\/revisions"}],"wp:featuredmedia":[{"embeddable":true,"href":"https:\/\/www.cnbb.org.br\/cnbb-app\/wp\/v2\/media\/27648"}],"wp:attachment":[{"href":"https:\/\/www.cnbb.org.br\/cnbb-app\/wp\/v2\/media?parent=27647"}],"wp:term":[{"taxonomy":"category","embeddable":true,"href":"https:\/\/www.cnbb.org.br\/cnbb-app\/wp\/v2\/categories?post=27647"},{"taxonomy":"post_tag","embeddable":true,"href":"https:\/\/www.cnbb.org.br\/cnbb-app\/wp\/v2\/tags?post=27647"}],"curies":[{"name":"wp","href":"https:\/\/api.w.org\/{rel}","templated":true}]}}