{"id":27680,"date":"2014-02-03T00:00:00","date_gmt":"2014-02-03T02:00:00","guid":{"rendered":"https:\/\/www.cnbb.org.br\/pensamentos-do-papa-francisco\/"},"modified":"2020-03-11T21:39:16","modified_gmt":"2020-03-12T00:39:16","slug":"pensamentos-do-papa-francisco","status":"publish","type":"post","link":"https:\/\/www.cnbb.org.br\/pensamentos-do-papa-francisco\/","title":{"rendered":"Pensamentos do Papa Francisco"},"content":{"rendered":"<h3 style=\"text-align: right\">Dom Jaime Pedro Kohl<br \/>Bispo de Os\u00f3rio (RS)<\/h3>\n<p>Aproveitando o embalo das mensagens anteriores, achei que podemos ser enriquecidos por alguns outros pensamentos do Papa Francisco que encontramos na revista \u201cMundo e Miss\u00e3o\u201d. Eis o card\u00e1pio:<\/p>\n<p>  <!--more-->  <\/p>\n<p>\u00a0<\/p>\n<p>\u201cEu sou um pecador. Fui escolhido por miseric\u00f3rdia. Deus olhou para mim com amor. Sou algu\u00e9m olhado pelo Senhor. Deus tem paci\u00eancia comigo\u201d.<\/p>\n<p>\u201cDesejo uma Igreja pobre, com os pobres, nas periferias. A Igreja precisa curar todas as feridas, aquecer os cora\u00e7\u00f5es dos fi\u00e9is, estar pr\u00f3xima do povo e com os pobres e ser como o bom samaritano\u201d.<\/p>\n<p>\u201cDeus nos ama por primeiro, com antecipa\u00e7\u00e3o. Ele chega antes, vem primeiro, est\u00e1 sempre antes, tem a iniciativa de vir a nossa procura. Deus nos procura antes que n\u00f3s o procuremos. Deus antecede, precede, vem primeiro. Deixemo-nos amar, acreditemos no amor de Deus\u201d.<\/p>\n<p>\u201cEntremos pela porta da f\u00e9. Abri as portas do cora\u00e7\u00e3o a Jesus Cristo. H\u00e1 portas fechadas para Deus e abertas para o shopping, o est\u00e1dio de futebol, os mot\u00e9is. Nossas casas n\u00e3o podem ter portas fechadas aos pobres. Jesus bate \u00e0 nossa porta. As portas do inferno n\u00e3o vencer\u00e3o. Jesus nos abriu as portas do Para\u00edso\u201d.<\/p>\n<p>\u201cLivremo-nos do veneno do vazio interior e da ilus\u00e3o do consumismo\u201d.<\/p>\n<p>\u201cA op\u00e7\u00e3o por Jesus requer: desapego dos bens, f\u00e9 na provid\u00eancia do Pai, vigil\u00e2ncia interior e esperan\u00e7a na salva\u00e7\u00e3o\u201d.<\/p>\n<p>\u201cA alegria n\u00e3o vem das sensa\u00e7\u00f5es, nem da moda, nem do divertimento, nem do sucesso. A alegria nasce do encontro com Deus e da amizade com os outros\u201d.<\/p>\n<p>\u201cA miseric\u00f3rdia \u00e9 o DNA de Deus. \u00c9 o rem\u00e9dio para as nossas feridas, \u00e9 a resposta de Deus ao nosso pecado. Deus lava e apaga nossa culpa, nos recria\u201d.<\/p>\n<p>\u201cQuem toca no pobre, no doente, no aflito, toca a carne de Cristo. Jesus se fez carne no pobre\u201d.<\/p>\n<p>\u201cSalvemo-nos da curiosidade doentia e da deusa lamenta\u00e7\u00e3o. Sejamos profetas da alegria e da coragem para superar a amargura, a lam\u00faria e o des\u00e2nimo. Cora\u00e7\u00e3o ao alto, coragem, n\u00e3o tenhais medo\u201d.<\/p>\n<p>\u201cA Igreja deve despojar-se de vestes e revestir-se de Cristo Jesus, e estar a servi\u00e7o do reino. Despojar-se da vaidade, do carreirismo, da mesmice e da mundaniza\u00e7\u00e3o. Prepot\u00eancia, orgulho, mundaneidade s\u00e3o \u00eddolos, especialmente o dinheiro, a apar\u00eancia e a vaidade\u201d.<\/p>\n<p>\u201cA Igreja \u00e9 uma m\u00e3e corajosa, que leva seus filhos ao encontro com Jesus&#8230; Precisamos de uma Igreja que volte a dar calor, a inflamar o cora\u00e7\u00e3o, paciente, misericordiosa e compreensiva\u201d.<\/p>\n<p>\u201cNa Igreja existem esc\u00e2ndalos, mas tamb\u00e9m tanta santidade e esta \u00e9 maior. Esta \u2018santidade cotidiana\u2019, escondida, de tantas mulheres e homens que trabalham o dia todo pela fam\u00edlia\u201d.<\/p>\n<p>\u201cA falta de trabalho \u00e9 pecado contra o reino. O desemprego faz a pessoa sentir-se sem dignidade. O centro do mundo \u00e9 o dinheiro, que \u00e9 um \u00eddolo que sacrifica vidas, gero o desemprego e a trag\u00e9dia da crise econ\u00f4mica. O dinheiro \u00e9 a raiz da exclus\u00e3o dos anci\u00e3os e dos jovens. Somos v\u00edtimas da cultura do descarte. No centro da economia deve estar a pessoa, n\u00e3o o lucro\u201d.<\/p>\n<p>\u201cN\u00e3o deixeis que vos roubem a esperan\u00e7a. Vamos remar contra a corrente, ir adiante, procurar juntos as solu\u00e7\u00f5es, crer no di\u00e1logo, fazer-se pr\u00f3ximo uns dos outros. Ter esperan\u00e7a \u00e9 ser criativo, corajoso, audaz e esperto\u201d.<\/p>\n<p>\u201cJesus \u00e9 nosso intercessor no c\u00e9u, \u00e9 nosso advogado e defensor. Ele nos atende, defende, guia, orienta, sustenta. O mal n\u00e3o vencer\u00e1. Deus \u00e9 maior e mais forte. Seu reino n\u00e3o ter\u00e1 fim\u201d.<\/p>\n<p>\u201cPe\u00e7o licen\u00e7a para entrar no cora\u00e7\u00e3o de cada pessoa brasileira&#8230; N\u00e3o tenho ouro nem prata, mas trago o que de mais precioso me foi dado: Jesus Cristo!\u201d<\/p>\n<p>\u201cA juventude \u00e9 a janela pela qual o futuro entra no mundo&#8230; Saiam de voc\u00eas mesmos, de todo fechamento para levar a luz e o amor do Evangelho a todos, at\u00e9 as extremas periferias da exist\u00eancia!&#8230; N\u00e3o deixemos entrar em nosso cora\u00e7\u00e3o a cultura do descart\u00e1vel\u201d.<\/p>\n<p>\u201cO mist\u00e9rio da Cruz \u00e9 um grande mist\u00e9rio para o homem e do qual se pode aproximar somente atrav\u00e9s da ora\u00e7\u00e3o e das l\u00e1grimas\u201d.<\/p>\n<p>\u201cChegamos a ser plenamente humanos, quando somos mais do que humanos, quando permitimos a Deus que nos conduza para al\u00e9m de n\u00f3s mesmos a fim de alcan\u00e7armos o nosso ser mais verdadeiro. Aqui est\u00e1 a fonte da a\u00e7\u00e3o evangelizadora\u201d.<\/p>\n<p>\u201cA vida se alcan\u00e7a e amadurece \u00e0 medida que \u00e9 entregue para dar vida aos outros. Isto \u00e9, definitivamente a miss\u00e3o. Consequentemente, um evangelizador n\u00e3o deveria ter constantemente uma cara de funeral. Recuperemos e aumentemos o fervor de esp\u00edrito, a suave e reconfortante alegria de evangelizar, mesmo quando for preciso semear com l\u00e1grimas!\u201d<\/p>\n<p>Convido todo crist\u00e3o, em qualquer lugar ou situa\u00e7\u00e3o em que se encontre, a renovar hoje mesmo o seu encontro pessoal com Jesus Cristo ou, pelo menos, a tomar a decis\u00e3o de se deixar encontrar por Ele, de procur\u00e1-lo dia a dia sem cessar\u201d.<\/p>\n<p>Edificados por esses apelos \u00e0 f\u00e9 e \u00e0 confian\u00e7a em Deus Pai, sigamos os passos de Jesus na perfeita alegria e esperan\u00e7a crist\u00e3.<\/p>\n<div>\u00a0<\/div>\n","protected":false},"excerpt":{"rendered":"<p>Dom Jaime Pedro KohlBispo de Os\u00f3rio (RS) Aproveitando o embalo das mensagens anteriores, achei que podemos ser enriquecidos por alguns outros pensamentos do Papa Francisco que encontramos na revista \u201cMundo e Miss\u00e3o\u201d. Eis o card\u00e1pio:<\/p>\n","protected":false},"author":83,"featured_media":0,"comment_status":"open","ping_status":"open","sticky":false,"template":"","format":"standard","meta":{"site-sidebar-layout":"default","site-content-layout":"default","ast-global-header-display":"","ast-banner-title-visibility":"","ast-main-header-display":"","ast-hfb-above-header-display":"","ast-hfb-below-header-display":"","ast-hfb-mobile-header-display":"","site-post-title":"","ast-breadcrumbs-content":"","ast-featured-img":"","footer-sml-layout":"","theme-transparent-header-meta":"","adv-header-id-meta":"","stick-header-meta":"","header-above-stick-meta":"","header-main-stick-meta":"","header-below-stick-meta":""},"categories":[784],"tags":[],"acf":[],"_links":{"self":[{"href":"https:\/\/www.cnbb.org.br\/cnbb-app\/wp\/v2\/posts\/27680"}],"collection":[{"href":"https:\/\/www.cnbb.org.br\/cnbb-app\/wp\/v2\/posts"}],"about":[{"href":"https:\/\/www.cnbb.org.br\/cnbb-app\/wp\/v2\/types\/post"}],"author":[{"embeddable":true,"href":"https:\/\/www.cnbb.org.br\/cnbb-app\/wp\/v2\/users\/83"}],"replies":[{"embeddable":true,"href":"https:\/\/www.cnbb.org.br\/cnbb-app\/wp\/v2\/comments?post=27680"}],"version-history":[{"count":0,"href":"https:\/\/www.cnbb.org.br\/cnbb-app\/wp\/v2\/posts\/27680\/revisions"}],"wp:attachment":[{"href":"https:\/\/www.cnbb.org.br\/cnbb-app\/wp\/v2\/media?parent=27680"}],"wp:term":[{"taxonomy":"category","embeddable":true,"href":"https:\/\/www.cnbb.org.br\/cnbb-app\/wp\/v2\/categories?post=27680"},{"taxonomy":"post_tag","embeddable":true,"href":"https:\/\/www.cnbb.org.br\/cnbb-app\/wp\/v2\/tags?post=27680"}],"curies":[{"name":"wp","href":"https:\/\/api.w.org\/{rel}","templated":true}]}}