{"id":27698,"date":"2014-02-26T00:00:00","date_gmt":"2014-02-26T03:00:00","guid":{"rendered":"https:\/\/www.cnbb.org.br\/papa-pede-fim-da-violencia-na-venezuela\/"},"modified":"2014-02-26T00:00:00","modified_gmt":"2014-02-26T03:00:00","slug":"papa-pede-fim-da-violencia-na-venezuela","status":"publish","type":"post","link":"https:\/\/www.cnbb.org.br\/papa-pede-fim-da-violencia-na-venezuela\/","title":{"rendered":"Papa pede fim da viol\u00eancia na Venezuela"},"content":{"rendered":"<p style=\"text-align: justify\">Ao final da catequese geral, realizada hoje, 26, no Vaticano, o papa Francisco fez um apelo para que cesse a viol\u00eancia e a hostilidade na Venezuela. \u201cQue todo o povo venezuelano, come\u00e7ando pelos respons\u00e1veis pol\u00edticos e institucionais, se una para favorecer a reconcilia\u00e7\u00e3o nacional por meio do perd\u00e3o m\u00fatuo e do di\u00e1logo sincero, do respeito pela verdade e pela justi\u00e7a, capazes de fazer frente a quest\u00f5es concretas para o bem comum\u201d, pediu Francisco.<\/p>\n<p>  <!--more-->  <\/p>\n<p style=\"text-align: justify\">O papa assegurou sua ora\u00e7\u00e3o, principalmente, aos que perderam a vida. Convidou os que creem a rezar a Deus e a pedir a materna intercess\u00e3o de Nossa Senhora de Coromoto, para que o pa\u00eds recupere a paz e a harmonia quanto antes.<\/p>\n<p style=\"text-align: justify\"><strong>Comunicado<\/strong><\/p>\n<p style=\"text-align: justify\">Ontem, 25, a presid\u00eancia da Confer\u00eancia Episcopal da Venezuela divulgou um comunicado sobre os \u00faltimos acontecimentos no pa\u00eds.\u00a0<span style=\"line-height: 1.3em\">No texto, os bispos manifestam preocupa\u00e7\u00e3o e lembram os mortos e feridos. \u201cOs falecidos ou os feridos n\u00e3o pertencem nem ao governo nem \u00e0 oposi\u00e7\u00e3o, mas a suas fam\u00edlias e ao povo da Venezuela, sem distin\u00e7\u00f5es\u201d, afirmam. Tamb\u00e9m pedem ora\u00e7\u00f5es pelas v\u00edtimas e insistem \u201cna necessidade de um encontro sincero, aberto e fraterno que permita o di\u00e1logo de todos que comp\u00f5em a sociedade venezuelana\u201d.\u00a0<\/span><\/p>\n<p style=\"text-align: justify\">O texto, na \u00edntegra, em espanhol, est\u00e1 dispon\u00edvel no site da Confer\u00eancia Episcopal da Venezuela: http:\/\/www.cev.org.ve\/<\/p>\n","protected":false},"excerpt":{"rendered":"<p>Ao final da catequese geral, realizada hoje, 26, no Vaticano, o papa Francisco fez um apelo para que cesse a viol\u00eancia e a hostilidade na Venezuela. \u201cQue todo o povo venezuelano, come\u00e7ando pelos respons\u00e1veis pol\u00edticos e institucionais, se una para favorecer a reconcilia\u00e7\u00e3o nacional por meio do perd\u00e3o m\u00fatuo e do di\u00e1logo sincero, do respeito &hellip;<\/p>\n<p class=\"read-more\"> <a class=\"\" href=\"https:\/\/www.cnbb.org.br\/papa-pede-fim-da-violencia-na-venezuela\/\"> <span class=\"screen-reader-text\">Papa pede fim da viol\u00eancia na Venezuela<\/span> Leia mais &raquo;<\/a><\/p>\n","protected":false},"author":83,"featured_media":27598,"comment_status":"open","ping_status":"open","sticky":false,"template":"","format":"standard","meta":{"site-sidebar-layout":"default","site-content-layout":"default","ast-global-header-display":"","ast-banner-title-visibility":"","ast-main-header-display":"","ast-hfb-above-header-display":"","ast-hfb-below-header-display":"","ast-hfb-mobile-header-display":"","site-post-title":"","ast-breadcrumbs-content":"","ast-featured-img":"","footer-sml-layout":"","theme-transparent-header-meta":"","adv-header-id-meta":"","stick-header-meta":"","header-above-stick-meta":"","header-main-stick-meta":"","header-below-stick-meta":""},"categories":[784],"tags":[],"acf":[],"_links":{"self":[{"href":"https:\/\/www.cnbb.org.br\/cnbb-app\/wp\/v2\/posts\/27698"}],"collection":[{"href":"https:\/\/www.cnbb.org.br\/cnbb-app\/wp\/v2\/posts"}],"about":[{"href":"https:\/\/www.cnbb.org.br\/cnbb-app\/wp\/v2\/types\/post"}],"author":[{"embeddable":true,"href":"https:\/\/www.cnbb.org.br\/cnbb-app\/wp\/v2\/users\/83"}],"replies":[{"embeddable":true,"href":"https:\/\/www.cnbb.org.br\/cnbb-app\/wp\/v2\/comments?post=27698"}],"version-history":[{"count":0,"href":"https:\/\/www.cnbb.org.br\/cnbb-app\/wp\/v2\/posts\/27698\/revisions"}],"wp:featuredmedia":[{"embeddable":true,"href":"https:\/\/www.cnbb.org.br\/cnbb-app\/wp\/v2\/media\/27598"}],"wp:attachment":[{"href":"https:\/\/www.cnbb.org.br\/cnbb-app\/wp\/v2\/media?parent=27698"}],"wp:term":[{"taxonomy":"category","embeddable":true,"href":"https:\/\/www.cnbb.org.br\/cnbb-app\/wp\/v2\/categories?post=27698"},{"taxonomy":"post_tag","embeddable":true,"href":"https:\/\/www.cnbb.org.br\/cnbb-app\/wp\/v2\/tags?post=27698"}],"curies":[{"name":"wp","href":"https:\/\/api.w.org\/{rel}","templated":true}]}}