{"id":27708,"date":"2014-03-27T00:00:00","date_gmt":"2014-03-27T03:00:00","guid":{"rendered":"https:\/\/www.cnbb.org.br\/papa-francisco-propoe-dia-do-perdao\/"},"modified":"2014-03-27T00:00:00","modified_gmt":"2014-03-27T03:00:00","slug":"papa-francisco-propoe-dia-do-perdao","status":"publish","type":"post","link":"https:\/\/www.cnbb.org.br\/papa-francisco-propoe-dia-do-perdao\/","title":{"rendered":"Papa Francisco prop\u00f5e Dia do Perd\u00e3o"},"content":{"rendered":"<p style=\"text-align: justify\">O Pontif\u00edcio Conselho para a Promo\u00e7\u00e3o da Nova Evangeliza\u00e7\u00e3o convida as dioceses de todo o mundo para um gesto de comunh\u00e3o com o papa Francisco, que prop\u00f4s \u201c24 horas para o Senhor\u201d, o Dia do Perd\u00e3o.<\/p>\n<p>  <!--more-->  <\/p>\n<p style=\"text-align: justify\">\u00a0<span style=\"line-height: 1.3em\">Na ora\u00e7\u00e3o do \u00c2ngelus do domingo, 23, o papa disse que o momento ser\u00e1 penitencial, tendo in\u00edcio hoje, 28, com missa na Bas\u00edlica de S\u00e3o Pedro, \u00e0s 17h (hor\u00e1rio do Vaticano). \u201cSer\u00e1 uma festa do perd\u00e3o, que ter\u00e1 lugar tamb\u00e9m em muitas dioceses e par\u00f3quias do mundo\u201d, disse Francisco no \u00c2ngelus.<\/span><\/p>\n<p style=\"text-align: justify\"><strong style=\"line-height: 1.3em\">Confiss\u00f5es<\/strong><\/p>\n<p style=\"text-align: justify\">Durante a noite, algumas igrejas do centro de Roma ser\u00e3o abertas para a ora\u00e7\u00e3o e a atendimento de confiss\u00f5es. O papa confessar\u00e1 alguns fi\u00e9is, ap\u00f3s presidir a celebra\u00e7\u00e3o penitencial.<\/p>\n<p style=\"text-align: justify\">O dia dedicado ao Sacramento da Reconcilia\u00e7\u00e3o tamb\u00e9m ter\u00e1 a presen\u00e7a de confessores em tr\u00eas igrejas do Centro Hist\u00f3rico de Roma, a partir das 20 horas: Sant\u2019Agnese in Agone, Santa Maria in Trastevere e Igreja dos Santos Estigmas, com Adora\u00e7\u00e3o Eucar\u00edstica, durante a noite.<\/p>\n<p style=\"text-align: justify\">O Dia do Perd\u00e3o ser\u00e1 conclu\u00eddo no s\u00e1bado, 29, com a celebra\u00e7\u00e3o das V\u00e9speras do IV Domingo da Quaresma, presidida por dom Rino Fisichella, na igreja do Santo Esp\u00edrito, em Sassia.<\/p>\n<p style=\"text-align: justify\">Fonte: News.va\/CNBB<\/p>\n","protected":false},"excerpt":{"rendered":"<p>O Pontif\u00edcio Conselho para a Promo\u00e7\u00e3o da Nova Evangeliza\u00e7\u00e3o convida as dioceses de todo o mundo para um gesto de comunh\u00e3o com o papa Francisco, que prop\u00f4s \u201c24 horas para o Senhor\u201d, o Dia do Perd\u00e3o.<\/p>\n","protected":false},"author":83,"featured_media":0,"comment_status":"open","ping_status":"open","sticky":false,"template":"","format":"standard","meta":{"site-sidebar-layout":"default","site-content-layout":"default","ast-global-header-display":"","ast-banner-title-visibility":"","ast-main-header-display":"","ast-hfb-above-header-display":"","ast-hfb-below-header-display":"","ast-hfb-mobile-header-display":"","site-post-title":"","ast-breadcrumbs-content":"","ast-featured-img":"","footer-sml-layout":"","theme-transparent-header-meta":"","adv-header-id-meta":"","stick-header-meta":"","header-above-stick-meta":"","header-main-stick-meta":"","header-below-stick-meta":""},"categories":[784],"tags":[],"acf":[],"_links":{"self":[{"href":"https:\/\/www.cnbb.org.br\/cnbb-app\/wp\/v2\/posts\/27708"}],"collection":[{"href":"https:\/\/www.cnbb.org.br\/cnbb-app\/wp\/v2\/posts"}],"about":[{"href":"https:\/\/www.cnbb.org.br\/cnbb-app\/wp\/v2\/types\/post"}],"author":[{"embeddable":true,"href":"https:\/\/www.cnbb.org.br\/cnbb-app\/wp\/v2\/users\/83"}],"replies":[{"embeddable":true,"href":"https:\/\/www.cnbb.org.br\/cnbb-app\/wp\/v2\/comments?post=27708"}],"version-history":[{"count":0,"href":"https:\/\/www.cnbb.org.br\/cnbb-app\/wp\/v2\/posts\/27708\/revisions"}],"wp:attachment":[{"href":"https:\/\/www.cnbb.org.br\/cnbb-app\/wp\/v2\/media?parent=27708"}],"wp:term":[{"taxonomy":"category","embeddable":true,"href":"https:\/\/www.cnbb.org.br\/cnbb-app\/wp\/v2\/categories?post=27708"},{"taxonomy":"post_tag","embeddable":true,"href":"https:\/\/www.cnbb.org.br\/cnbb-app\/wp\/v2\/tags?post=27708"}],"curies":[{"name":"wp","href":"https:\/\/api.w.org\/{rel}","templated":true}]}}