{"id":27710,"date":"2014-03-28T00:00:00","date_gmt":"2014-03-28T03:00:00","guid":{"rendered":"https:\/\/www.cnbb.org.br\/papa-recebe-em-audiencia-presidente-dos-estados-unidos\/"},"modified":"2014-03-28T00:00:00","modified_gmt":"2014-03-28T03:00:00","slug":"papa-recebe-em-audiencia-presidente-dos-estados-unidos","status":"publish","type":"post","link":"https:\/\/www.cnbb.org.br\/papa-recebe-em-audiencia-presidente-dos-estados-unidos\/","title":{"rendered":"Papa recebe em audi\u00eancia presidente dos Estados Unidos"},"content":{"rendered":"<p style=\"text-align: justify\">O papa Francisco recebeu ontem, 27, em audi\u00eancia, no Vaticano, o presidente dos Estados Unidos, Barack Obama. Segundo a ag\u00eancia de not\u00edcias do Vaticano, <em>Vatican Information Service<\/em>, durante as conversa\u00e7\u00f5es, que transcorreram em uma atmosfera de cordialidade, foram tratados temas concernentes \u00e0 atualidade internacional, bem como manifestado o desejo de que nas zonas de conflito sejam respeitados o direito humanit\u00e1rio e o direito internacional e que se chegue a uma solu\u00e7\u00e3o negociada entre as partes interessadas.<\/p>\n<p>  <!--more-->  <\/p>\n<p style=\"text-align: justify\">A ag\u00eancia informa ainda que no contexto das rela\u00e7\u00f5es bilaterais e de colabora\u00e7\u00e3o entre a Igreja e o Estado, foram discutidas quest\u00f5es de relevo especial para a Igreja nos Estados Unidos, como o exerc\u00edcio dos direitos \u00e0 liberdade religiosa, \u00e0 vida e \u00e0 obje\u00e7\u00e3o de consci\u00eancia. Tamb\u00e9m estiveram em pauta a imigra\u00e7\u00e3o e a erradica\u00e7\u00e3o do tr\u00e1fico de seres humanos no mundo.<\/p>\n<p style=\"text-align: justify\">Barack Obama encontrou-se tamb\u00e9m com o secret\u00e1rio de Estado do Vaticano, cardeal Pietro Parolin, e pelo secret\u00e1rio para as Rela\u00e7\u00f5es com os Estados, Dominique Mamberti.<\/p>\n<p style=\"text-align: justify\"><span style=\"font-size: x-small\">Imagem: R\u00e1dio Vaticano<\/span><\/p>\n","protected":false},"excerpt":{"rendered":"<p>O papa Francisco recebeu ontem, 27, em audi\u00eancia, no Vaticano, o presidente dos Estados Unidos, Barack Obama. Segundo a ag\u00eancia de not\u00edcias do Vaticano, Vatican Information Service, durante as conversa\u00e7\u00f5es, que transcorreram em uma atmosfera de cordialidade, foram tratados temas concernentes \u00e0 atualidade internacional, bem como manifestado o desejo de que nas zonas de conflito &hellip;<\/p>\n<p class=\"read-more\"> <a class=\"\" href=\"https:\/\/www.cnbb.org.br\/papa-recebe-em-audiencia-presidente-dos-estados-unidos\/\"> <span class=\"screen-reader-text\">Papa recebe em audi\u00eancia presidente dos Estados Unidos<\/span> Leia mais &raquo;<\/a><\/p>\n","protected":false},"author":83,"featured_media":27711,"comment_status":"open","ping_status":"open","sticky":false,"template":"","format":"standard","meta":{"site-sidebar-layout":"default","site-content-layout":"default","ast-global-header-display":"","ast-banner-title-visibility":"","ast-main-header-display":"","ast-hfb-above-header-display":"","ast-hfb-below-header-display":"","ast-hfb-mobile-header-display":"","site-post-title":"","ast-breadcrumbs-content":"","ast-featured-img":"","footer-sml-layout":"","theme-transparent-header-meta":"","adv-header-id-meta":"","stick-header-meta":"","header-above-stick-meta":"","header-main-stick-meta":"","header-below-stick-meta":""},"categories":[784],"tags":[],"acf":[],"_links":{"self":[{"href":"https:\/\/www.cnbb.org.br\/cnbb-app\/wp\/v2\/posts\/27710"}],"collection":[{"href":"https:\/\/www.cnbb.org.br\/cnbb-app\/wp\/v2\/posts"}],"about":[{"href":"https:\/\/www.cnbb.org.br\/cnbb-app\/wp\/v2\/types\/post"}],"author":[{"embeddable":true,"href":"https:\/\/www.cnbb.org.br\/cnbb-app\/wp\/v2\/users\/83"}],"replies":[{"embeddable":true,"href":"https:\/\/www.cnbb.org.br\/cnbb-app\/wp\/v2\/comments?post=27710"}],"version-history":[{"count":0,"href":"https:\/\/www.cnbb.org.br\/cnbb-app\/wp\/v2\/posts\/27710\/revisions"}],"wp:featuredmedia":[{"embeddable":true,"href":"https:\/\/www.cnbb.org.br\/cnbb-app\/wp\/v2\/media\/27711"}],"wp:attachment":[{"href":"https:\/\/www.cnbb.org.br\/cnbb-app\/wp\/v2\/media?parent=27710"}],"wp:term":[{"taxonomy":"category","embeddable":true,"href":"https:\/\/www.cnbb.org.br\/cnbb-app\/wp\/v2\/categories?post=27710"},{"taxonomy":"post_tag","embeddable":true,"href":"https:\/\/www.cnbb.org.br\/cnbb-app\/wp\/v2\/tags?post=27710"}],"curies":[{"name":"wp","href":"https:\/\/api.w.org\/{rel}","templated":true}]}}