{"id":27715,"date":"2014-04-09T00:00:00","date_gmt":"2014-04-09T03:00:00","guid":{"rendered":"https:\/\/www.cnbb.org.br\/papa-faz-apelo-pela-paz-na-siria-apos-a-morte-do-padre-jesuita\/"},"modified":"2014-04-09T00:00:00","modified_gmt":"2014-04-09T03:00:00","slug":"papa-faz-apelo-pela-paz-na-siria-apos-a-morte-do-padre-jesuita","status":"publish","type":"post","link":"https:\/\/www.cnbb.org.br\/papa-faz-apelo-pela-paz-na-siria-apos-a-morte-do-padre-jesuita\/","title":{"rendered":"Papa faz apelo pela paz na S\u00edria, ap\u00f3s a morte do padre jesu\u00edta"},"content":{"rendered":"<p style=\"text-align: justify\"><span style=\"line-height: 1.3em\">O papa Francisco fez hoje, 9, um apelo pelo fim da viol\u00eancia na S\u00edria e convocou a todos para rezarem pela paz. Francisco lembrou o assassinato do padre jesu\u00edta Frans van der Lugt. O sacerdote era holand\u00eas, tinha 75 anos e vivia no pa\u00eds h\u00e1 cinco d\u00e9cadas.<\/span><\/p>\n<p>  <!--more-->  <\/p>\n<p style=\"text-align: justify\">\u00a0<\/p>\n<p style=\"text-align: justify\"><span>Segundo o papa, o sacerdote \u201csempre se comportou bem com todos, com gratid\u00e3o e amor, e que, por isso, era uma pessoa amada e estimada por crist\u00e3os e mu\u00e7ulmanos\u201d.<\/span><\/p>\n<p style=\"text-align: justify\"><span>\u201cSeu assassinato brutal me encheu de profunda dor e volto a recordar toda a gente que sofre e morre nesse pa\u00eds atormentado, presa a um conflito sangrento que j\u00e1 dura muito tempo e que segue causando morte e destrui\u00e7\u00e3o. Penso na quantidade de pessoas sequestradas, crist\u00e3os e mu\u00e7ulmanos, s\u00edrios e de outros pa\u00edses, entre os quais bispos e padres. Pe\u00e7amos ao Senhor para que possam regressar logo junto a suas fam\u00edlias e comunidades\u201d, disse o papa.<\/span><\/p>\n<p style=\"text-align: justify\"><span>O papa fez um pedido de \u00a0cessar fogo aos respons\u00e1veis s\u00edrios e \u00e0 comunidade internacional. \u201cN\u00e3o mais guerra! N\u00e3o mais destrui\u00e7\u00e3o! H\u00e1 que respeitar os direitos humanos, atender a popula\u00e7\u00e3o que necessita de ajuda humanit\u00e1ria e chegar a desejada paz por meio do di\u00e1logo e da reconcilia\u00e7\u00e3o\u201d, acrescentou.\u00a0<\/span><\/p>\n<p style=\"text-align: justify\"><span style=\"font-size: x-small\">Imagem: R\u00e1dio Vaticano<\/span><\/p>\n","protected":false},"excerpt":{"rendered":"<p>O papa Francisco fez hoje, 9, um apelo pelo fim da viol\u00eancia na S\u00edria e convocou a todos para rezarem pela paz. Francisco lembrou o assassinato do padre jesu\u00edta Frans van der Lugt. O sacerdote era holand\u00eas, tinha 75 anos e vivia no pa\u00eds h\u00e1 cinco d\u00e9cadas.<\/p>\n","protected":false},"author":83,"featured_media":27716,"comment_status":"open","ping_status":"open","sticky":false,"template":"","format":"standard","meta":{"site-sidebar-layout":"default","site-content-layout":"default","ast-global-header-display":"","ast-banner-title-visibility":"","ast-main-header-display":"","ast-hfb-above-header-display":"","ast-hfb-below-header-display":"","ast-hfb-mobile-header-display":"","site-post-title":"","ast-breadcrumbs-content":"","ast-featured-img":"","footer-sml-layout":"","theme-transparent-header-meta":"","adv-header-id-meta":"","stick-header-meta":"","header-above-stick-meta":"","header-main-stick-meta":"","header-below-stick-meta":""},"categories":[784],"tags":[],"acf":[],"_links":{"self":[{"href":"https:\/\/www.cnbb.org.br\/cnbb-app\/wp\/v2\/posts\/27715"}],"collection":[{"href":"https:\/\/www.cnbb.org.br\/cnbb-app\/wp\/v2\/posts"}],"about":[{"href":"https:\/\/www.cnbb.org.br\/cnbb-app\/wp\/v2\/types\/post"}],"author":[{"embeddable":true,"href":"https:\/\/www.cnbb.org.br\/cnbb-app\/wp\/v2\/users\/83"}],"replies":[{"embeddable":true,"href":"https:\/\/www.cnbb.org.br\/cnbb-app\/wp\/v2\/comments?post=27715"}],"version-history":[{"count":0,"href":"https:\/\/www.cnbb.org.br\/cnbb-app\/wp\/v2\/posts\/27715\/revisions"}],"wp:featuredmedia":[{"embeddable":true,"href":"https:\/\/www.cnbb.org.br\/cnbb-app\/wp\/v2\/media\/27716"}],"wp:attachment":[{"href":"https:\/\/www.cnbb.org.br\/cnbb-app\/wp\/v2\/media?parent=27715"}],"wp:term":[{"taxonomy":"category","embeddable":true,"href":"https:\/\/www.cnbb.org.br\/cnbb-app\/wp\/v2\/categories?post=27715"},{"taxonomy":"post_tag","embeddable":true,"href":"https:\/\/www.cnbb.org.br\/cnbb-app\/wp\/v2\/tags?post=27715"}],"curies":[{"name":"wp","href":"https:\/\/api.w.org\/{rel}","templated":true}]}}