{"id":27724,"date":"2014-04-25T00:00:00","date_gmt":"2014-04-25T03:00:00","guid":{"rendered":"https:\/\/www.cnbb.org.br\/homilia-do-papa-francisco-na-missa-de-acao-de-gracas-por-sao-jose-de-anchieta\/"},"modified":"2014-04-25T00:00:00","modified_gmt":"2014-04-25T03:00:00","slug":"homilia-do-papa-francisco-na-missa-de-acao-de-gracas-por-sao-jose-de-anchieta","status":"publish","type":"post","link":"https:\/\/www.cnbb.org.br\/homilia-do-papa-francisco-na-missa-de-acao-de-gracas-por-sao-jose-de-anchieta\/","title":{"rendered":"Homilia do papa Francisco na missa de a\u00e7\u00e3o de gra\u00e7as por S\u00e3o Jos\u00e9 de Anchieta"},"content":{"rendered":"<p style=\"text-align: justify\"><span style=\"line-height: 1.3em\">O papa Francisco presidiu ontem, 24, na Igreja de Santo In\u00e1cio de Loyola, em Roma, missa de a\u00e7\u00e3o de gra\u00e7as pela canoniza\u00e7\u00e3o do padre Jos\u00e9 de Anchieta. Estiveram presentes na celebra\u00e7\u00e3o bispos e autoridades brasileiras, assim como fieis e religiosos residentes em Roma.<\/span><\/p>\n<p style=\"text-align: justify\"><span style=\"line-height: 1.3em\">Padre Jos\u00e9 de Anchieta foi beatificado pelo papa Jo\u00e3o Paulo II em 1980. No \u00faltimo dia 3, o papa Francisco assinou o decreto de canoniza\u00e7\u00e3o do ap\u00f3stolo do Brasil.\u00a0<\/span><\/p>\n<p style=\"text-align: justify\"><span style=\"line-height: 1.3em\">Em sua homilia, o papa Francisco afirmou que a canoniza\u00e7\u00e3o do religioso \u00e9 \u201cuma ocasi\u00e3o de grande alegria espiritual\u201d. Leia, na \u00edntegra, a homilia do papa.\u00a0<\/span><\/p>\n<p style=\"text-align: center\"><strong><span style=\"line-height: 1.3em\">Homilia do papa Francisco durante missa de a\u00e7\u00e3o de gra\u00e7as pela canoniza\u00e7\u00e3o do padre Anchieta<\/span><\/strong><\/p>\n<p style=\"text-align: left\">Queridos irm\u00e3os e irm\u00e3s,<\/p>\n<p style=\"text-align: justify\">Nesta quinta-feira da Oitava da P\u00e1scoa, em que a luz do Cristo Ressuscitado nos ilumina com tanta clareza, demos gra\u00e7as a Deus tamb\u00e9m por S\u00e3o Jos\u00e9 de Anchieta, o ap\u00f3stolo do Brasil, recentemente canonizado. \u00c9 uma ocasi\u00e3o de grande alegria espiritual.<\/p>\n<p style=\"text-align: justify\">No Evangelho que acabamos de ouvir os disc\u00edpulos n\u00e3o conseguem acreditar tamanha a alegria. Olhemos a cena: Jesus ressuscitou, os disc\u00edpulos de Ema\u00fas contaram sua experi\u00eancia, e depois o pr\u00f3prio Senhor aparece no Cen\u00e1culo e lhe diz: &#8220;A paz esteja convosco&#8221;. V\u00e1rios sentimentos irrompem no cora\u00e7\u00e3o dos disc\u00edpulos: medo, surpresa, d\u00favida e, finalmente, alegria. Uma alegria t\u00e3o grande que &#8220;que n\u00e3o conseguiam acreditar&#8221; \u2013 diz o Evangelista. Estavam at\u00f4nitos, pasmos, e Jesus, quase esbo\u00e7ando um sorriso, lhes pede algo para comer e come\u00e7a a explicar-lhes, aos poucos, a Escritura, abrindo o entendimento deles para que possam compreend\u00ea-la. \u00c9 o momento do estupor, do encontro com Jesus Cristo, em que tanta alegria n\u00e3o parece ser verdade; mais ainda, assumir o regozijo e a alegria naquele momento nos parece arriscado e sentimos a tenta\u00e7\u00e3o de refugiar-nos no ceticismo, no &#8220;n\u00e3o exagerar&#8221;. \u00c9 um relativizar tanto a f\u00e9 que acaba por distanciar-nos do encontro, da car\u00edcia de Deus. \u00c9 como se &#8220;destil\u00e1ssemos&#8221; a realidade do encontro no alambique do medo, da seguran\u00e7a excessiva, do querer n\u00f3s mesmos controlar o encontro.<\/p>\n<p style=\"text-align: justify\"><img decoding=\"async\" loading=\"lazy\" class=\" alignright size-full wp-image-22065\" src=\"https:\/\/www.cnbb.org.br\/wp-content\/uploads\/2020\/03\/papansenhora.jpg\" border=\"0\" width=\"400\" height=\"260\" style=\"float: right\" \/>Os disc\u00edpulos tinham medo da alegria&#8230; e tamb\u00e9m n\u00f3s. A leitura dos Atos dos Ap\u00f3stolos fala-nos de um paral\u00edtico. Ouvimos somente a segunda parte da hist\u00f3ria, mas todos conhecemos a transforma\u00e7\u00e3o deste homem, entrevado desde o nascimento, prostrado na porta do Templo a pedir esmola, sem jamais atravessar a soleira, e como seus olhos se fixaram nos ap\u00f3stolos, esperando que lhe dessem algo. Pedro e Jo\u00e3o n\u00e3o podiam dar-lhe nada daquilo que ele buscava: nem ouro, nem prata. E ele, que sempre permaneceu na porta, agora entra com seus p\u00e9s, pulando e louvando a Deus, celebrando suas maravilhas. E sua alegria \u00e9 contagiosa.<\/p>\n<p style=\"text-align: justify\">Isso \u00e9 o que nos diz hoje a Escritura: as pessoas estavam cheias de estupor, e maravilhadas acorriam, e em meio \u00e0quela confus\u00e3o, \u00e0quela admira\u00e7\u00e3o, Pedro anunciava a mensagem. Porque a alegria do encontro com Jesus Cristo, aquela que nos d\u00e1 tanto medo de assumir, \u00e9 contagiosa e grita o an\u00fancio; porque &#8220;a Igreja n\u00e3o cresce por proselitismo, mas por atra\u00e7\u00e3o&#8221;; a atra\u00e7\u00e3o testemunhal que nasce da alegria aceita e depois transformada em an\u00fancio. \u00c9 uma alegria fundada. \u00c9 uma alegria apost\u00f3lica, que se irradia, que se expande. Pergunto-me: Sou capaz, como Pedro, de sentar-me ao lado do irm\u00e3o e explicar lentamente o dom da Palavra que recebi? Sou capaz de convocar ao meu redor o entusiasmo daqueles que descobrem em n\u00f3s o milagre de uma vida nova, nascida do encontro com Cristo?<\/p>\n<p style=\"text-align: justify\">Tamb\u00e9m S\u00e3o Jos\u00e9 de Anchieta soube comunicar aquilo que tinha experimentado com o Senhor, aquilo que tinha visto e ouvido d&#8217;Ele; e essa foi e \u00e9 a sua santidade. N\u00e3o teve medo da alegria. S\u00e3o Jos\u00e9 de Anchieta tem um hino bel\u00edssimo dedicado \u00e0 Virgem Maria, a quem, inspirando-se no c\u00e2ntico de Isa\u00edas 52, compara com o mensageiro que proclama a paz, que anuncia a alegria da Boa Not\u00edcia. Que Ela, que naquele alvorecer do domingo insone pela esperan\u00e7a, n\u00e3o teve medo da alegria, nos acompanhe em nosso peregrinar, convidando todos a se levantarem, para entrar juntos na paz e na alegria que Jesus, o Senhor Ressuscitado, nos promete.<\/p>\n","protected":false},"excerpt":{"rendered":"<p>O papa Francisco presidiu ontem, 24, na Igreja de Santo In\u00e1cio de Loyola, em Roma, missa de a\u00e7\u00e3o de gra\u00e7as pela canoniza\u00e7\u00e3o do padre Jos\u00e9 de Anchieta. Estiveram presentes na celebra\u00e7\u00e3o bispos e autoridades brasileiras, assim como fieis e religiosos residentes em Roma. Padre Jos\u00e9 de Anchieta foi beatificado pelo papa Jo\u00e3o Paulo II em &hellip;<\/p>\n<p class=\"read-more\"> <a class=\"\" href=\"https:\/\/www.cnbb.org.br\/homilia-do-papa-francisco-na-missa-de-acao-de-gracas-por-sao-jose-de-anchieta\/\"> <span class=\"screen-reader-text\">Homilia do papa Francisco na missa de a\u00e7\u00e3o de gra\u00e7as por S\u00e3o Jos\u00e9 de Anchieta<\/span> Leia mais &raquo;<\/a><\/p>\n","protected":false},"author":83,"featured_media":27725,"comment_status":"open","ping_status":"open","sticky":false,"template":"","format":"standard","meta":{"site-sidebar-layout":"default","site-content-layout":"default","ast-global-header-display":"","ast-banner-title-visibility":"","ast-main-header-display":"","ast-hfb-above-header-display":"","ast-hfb-below-header-display":"","ast-hfb-mobile-header-display":"","site-post-title":"","ast-breadcrumbs-content":"","ast-featured-img":"","footer-sml-layout":"","theme-transparent-header-meta":"","adv-header-id-meta":"","stick-header-meta":"","header-above-stick-meta":"","header-main-stick-meta":"","header-below-stick-meta":""},"categories":[784],"tags":[],"acf":[],"_links":{"self":[{"href":"https:\/\/www.cnbb.org.br\/cnbb-app\/wp\/v2\/posts\/27724"}],"collection":[{"href":"https:\/\/www.cnbb.org.br\/cnbb-app\/wp\/v2\/posts"}],"about":[{"href":"https:\/\/www.cnbb.org.br\/cnbb-app\/wp\/v2\/types\/post"}],"author":[{"embeddable":true,"href":"https:\/\/www.cnbb.org.br\/cnbb-app\/wp\/v2\/users\/83"}],"replies":[{"embeddable":true,"href":"https:\/\/www.cnbb.org.br\/cnbb-app\/wp\/v2\/comments?post=27724"}],"version-history":[{"count":0,"href":"https:\/\/www.cnbb.org.br\/cnbb-app\/wp\/v2\/posts\/27724\/revisions"}],"wp:featuredmedia":[{"embeddable":true,"href":"https:\/\/www.cnbb.org.br\/cnbb-app\/wp\/v2\/media\/27725"}],"wp:attachment":[{"href":"https:\/\/www.cnbb.org.br\/cnbb-app\/wp\/v2\/media?parent=27724"}],"wp:term":[{"taxonomy":"category","embeddable":true,"href":"https:\/\/www.cnbb.org.br\/cnbb-app\/wp\/v2\/categories?post=27724"},{"taxonomy":"post_tag","embeddable":true,"href":"https:\/\/www.cnbb.org.br\/cnbb-app\/wp\/v2\/tags?post=27724"}],"curies":[{"name":"wp","href":"https:\/\/api.w.org\/{rel}","templated":true}]}}