{"id":27730,"date":"2014-05-12T00:00:00","date_gmt":"2014-05-12T03:00:00","guid":{"rendered":"https:\/\/www.cnbb.org.br\/pom-realizam-assembleia\/"},"modified":"2014-05-12T00:00:00","modified_gmt":"2014-05-12T03:00:00","slug":"pom-realizam-assembleia","status":"publish","type":"post","link":"https:\/\/www.cnbb.org.br\/pom-realizam-assembleia\/","title":{"rendered":"Papa exorta Pontif\u00edcias Obras a promoverem a \u201ccorresponsabilidade mission\u00e1ria\u201d"},"content":{"rendered":"<p style=\"text-align: justify\">Membros das Pontif\u00edcias Obras Mission\u00e1rias (POM), de todos os continentes, estiveram reunidos, entre os dias 5 e 10 de maio, em Roma, em Assembleia Anual. Na sexta-feira, dia 9, o papa Francisco recebeu, em audi\u00eancia, os participantes do encontro e colaboradores da Congrega\u00e7\u00e3o para a Evangeliza\u00e7\u00e3o dos Povos. Na ocasi\u00e3o, o papa pediu aos presentes que \u201cacolham com amor preferencial os pobres, deixando abertas as portas da Igreja para que todos entrem e encontrem ref\u00fagio\u201d.<\/p>\n<p>  <!--more-->  <\/p>\n<p style=\"text-align: justify\">\u00a0<span style=\"line-height: 1.3em\">O papa Francisco, em seu pronunciamento, reiterou o desejo de uma Igreja em miss\u00e3o, como afirma na Exorta\u00e7\u00e3o Apost\u00f3lica <\/span><em style=\"line-height: 1.3em\">Evangelii Gaudium.<\/em><span style=\"line-height: 1.3em\"> \u201cEvangelizar, neste momento de grande mudan\u00e7a social, requer uma Igreja mission\u00e1ria, toda em atitude de sa\u00edda, capaz de discernir e enfrentar as diferentes culturas e vis\u00f5es de homem&#8221;, afirmou.<\/span><\/p>\n<p style=\"text-align: justify\">Francisco tamb\u00e9m afirmou que, no contexto do mundo em mudan\u00e7a, \u00e9 necess\u00e1rio que a Igreja seja transformada pela contempla\u00e7\u00e3o e contato pessoal com Cristo pelo poder do Esp\u00edrito Santo. \u201c\u00c9 o Esp\u00edrito de Cristo, a fonte de renova\u00e7\u00e3o, que nos faz descobrir novas formas, novos m\u00e9todos criativos, v\u00e1rias formas de express\u00e3o para a evangeliza\u00e7\u00e3o do mundo de hoje. \u00c9 Ele que nos d\u00e1 a for\u00e7a para empreender o caminho mission\u00e1rio e a alegria do an\u00fancio, para que a luz de Cristo ilumine aqueles que ainda n\u00e3o o conhecem ou o rejeitaram\u201d, disse.<\/p>\n<p style=\"text-align: justify\">O papa disse que a Igreja \u00e9 \u201cmission\u00e1ria por natureza\u201d e tem como \u201cprerrogativa fundamental\u201d o servi\u00e7o de caridade a todos, recordando ainda a prefer\u00eancia pelos pobres, a quem o an\u00fancio deve chegar primeiro. Francisco definiu as POM como &#8221;o instrumento privilegiado que chama \u00e0 \u201cmissio ad gentes\u201d e exortou os membros a promoverem a \u201ccorresponsabilidade mission\u00e1ria\u201d.<\/p>\n<p style=\"text-align: justify\"><strong>Compromisso<\/strong><\/p>\n<p style=\"text-align: justify\"><img decoding=\"async\" loading=\"lazy\" class=\" alignright size-full wp-image-22280\" src=\"https:\/\/www.cnbb.org.br\/wp-content\/uploads\/2020\/03\/Papa-e-cardeal-Filoni-EvagPovos-Cpia-350x190-1.jpg\" border=\"0\" alt=\"\" width=\"394\" height=\"214\" align=\"right\" \/>O prefeito da Congrega\u00e7\u00e3o para a Evangeliza\u00e7\u00e3o dos Povos, cardeal Fernando Filoni, firmou um compromisso com o papa Francisco de realizar \u201co sonho de um Igreja em transforma\u00e7\u00e3o mission\u00e1ria\u201d.<\/p>\n<p style=\"text-align: justify\">O cardeal Filoni fez o compromisso em nome dos diretores nacionais das Pontif\u00edcias Obras Mission\u00e1rias. A promessa \u00e9 que se chegue a todos os lugares e \u201cque tenha a cor das pessoas em meio \u00e0s quais se encontra, que viva na mesma condi\u00e7\u00e3o social das pessoas com quem convive, que fale as l\u00ednguas da popula\u00e7\u00e3o local, que nutra esperan\u00e7as e sofra as mesmas dores das pessoas que a comp\u00f5em, que anuncie a todos a Boa Nova, que se fa\u00e7a pr\u00f3xima de toda religi\u00e3o que encontre e anuncie a mesma paz de Jesus ressuscitado\u201d, prometeu o cardeal em seu discurso.<\/p>\n<p style=\"text-align: justify\">Ele tamb\u00e9m recordou a oferta dos fi\u00e9is de todo o mundo, \u201cgente simples, comum e quase sempre pobre\u201d, lembrou.<\/p>\n<p style=\"text-align: justify\"><strong>Assembleia<\/strong><\/p>\n<p style=\"text-align: justify\">A Assembleia das POM acontece anualmente. Este ano, a reuni\u00e3o que teve in\u00edcio no dia 05 e se estendeu at\u00e9 s\u00e1bado, dia 10. Mais de 100 diretores nacionais dos cinco continentes participaram. O padre Camilo Pauletti representou o Brasil.<\/p>\n<p style=\"text-align: justify\">De acordo com o prefeito para a Evangeliza\u00e7\u00e3o dos Povos, cardeal Fernando Filoni, as POM se re\u00fanem \u201cpara que o trabalho, a ora\u00e7\u00e3o, o amor pela evangeliza\u00e7\u00e3o cheguem concretamente \u00e0s Igrejas mais carentes, \u00e0s jovens Igrejas e \u00e0s Igrejas em forma\u00e7\u00e3o, pequenas ou grandes, pr\u00f3ximas ou distantes\u201d, resumiu.<\/p>\n","protected":false},"excerpt":{"rendered":"<p>Membros das Pontif\u00edcias Obras Mission\u00e1rias (POM), de todos os continentes, estiveram reunidos, entre os dias 5 e 10 de maio, em Roma, em Assembleia Anual. Na sexta-feira, dia 9, o papa Francisco recebeu, em audi\u00eancia, os participantes do encontro e colaboradores da Congrega\u00e7\u00e3o para a Evangeliza\u00e7\u00e3o dos Povos. Na ocasi\u00e3o, o papa pediu aos presentes &hellip;<\/p>\n<p class=\"read-more\"> <a class=\"\" href=\"https:\/\/www.cnbb.org.br\/pom-realizam-assembleia\/\"> <span class=\"screen-reader-text\">Papa exorta Pontif\u00edcias Obras a promoverem a \u201ccorresponsabilidade mission\u00e1ria\u201d<\/span> Leia mais &raquo;<\/a><\/p>\n","protected":false},"author":83,"featured_media":27731,"comment_status":"open","ping_status":"open","sticky":false,"template":"","format":"standard","meta":{"site-sidebar-layout":"default","site-content-layout":"default","ast-global-header-display":"","ast-banner-title-visibility":"","ast-main-header-display":"","ast-hfb-above-header-display":"","ast-hfb-below-header-display":"","ast-hfb-mobile-header-display":"","site-post-title":"","ast-breadcrumbs-content":"","ast-featured-img":"","footer-sml-layout":"","theme-transparent-header-meta":"","adv-header-id-meta":"","stick-header-meta":"","header-above-stick-meta":"","header-main-stick-meta":"","header-below-stick-meta":""},"categories":[784],"tags":[],"acf":[],"_links":{"self":[{"href":"https:\/\/www.cnbb.org.br\/cnbb-app\/wp\/v2\/posts\/27730"}],"collection":[{"href":"https:\/\/www.cnbb.org.br\/cnbb-app\/wp\/v2\/posts"}],"about":[{"href":"https:\/\/www.cnbb.org.br\/cnbb-app\/wp\/v2\/types\/post"}],"author":[{"embeddable":true,"href":"https:\/\/www.cnbb.org.br\/cnbb-app\/wp\/v2\/users\/83"}],"replies":[{"embeddable":true,"href":"https:\/\/www.cnbb.org.br\/cnbb-app\/wp\/v2\/comments?post=27730"}],"version-history":[{"count":0,"href":"https:\/\/www.cnbb.org.br\/cnbb-app\/wp\/v2\/posts\/27730\/revisions"}],"wp:featuredmedia":[{"embeddable":true,"href":"https:\/\/www.cnbb.org.br\/cnbb-app\/wp\/v2\/media\/27731"}],"wp:attachment":[{"href":"https:\/\/www.cnbb.org.br\/cnbb-app\/wp\/v2\/media?parent=27730"}],"wp:term":[{"taxonomy":"category","embeddable":true,"href":"https:\/\/www.cnbb.org.br\/cnbb-app\/wp\/v2\/categories?post=27730"},{"taxonomy":"post_tag","embeddable":true,"href":"https:\/\/www.cnbb.org.br\/cnbb-app\/wp\/v2\/tags?post=27730"}],"curies":[{"name":"wp","href":"https:\/\/api.w.org\/{rel}","templated":true}]}}