{"id":27732,"date":"2014-05-14T00:00:00","date_gmt":"2014-05-14T03:00:00","guid":{"rendered":"https:\/\/www.cnbb.org.br\/papa-francisco-aceita-a-renuncia-do-bispo-de-colatina\/"},"modified":"2014-05-14T00:00:00","modified_gmt":"2014-05-14T03:00:00","slug":"papa-francisco-aceita-a-renuncia-do-bispo-de-colatina","status":"publish","type":"post","link":"https:\/\/www.cnbb.org.br\/papa-francisco-aceita-a-renuncia-do-bispo-de-colatina\/","title":{"rendered":"Papa Francisco aceita a ren\u00fancia do bispo de Colatina"},"content":{"rendered":"<p style=\"text-align: justify\"><span style=\"line-height: 1.3em\">O papa aceitou, hoje, 14, o pedido de ren\u00fancia do bispo de Colatina (ES), dom D\u00e9cio Sossai Zandonade em conformidade com o c\u00e2non 401, par\u00e1grafo 2\u00ba do C\u00f3digo de Direito Can\u00f4nico, que diz: \u201cRoga-se instantemente ao Bispo diocesano que, em virtude da sua prec\u00e1ria sa\u00fade ou outra causa grave, se tenha tornado menos apto para o desempenho do seu of\u00edcio, que apresente a ren\u00fancia.\u201d (CDC, p\u00e1g 128).<\/span><\/p>\n<p>  <!--more-->  <\/p>\n<p style=\"text-align: justify\"><span style=\"line-height: 1.3em\">Dom D\u00e9cio Sossai Zandonade nasceu em Venda Nova do Imigrante, munic\u00edpio da regi\u00e3o serrana do Esp\u00edrito Santo, em 2 de dezembro de 1942. Em 1952, entrou para o Semin\u00e1rio Aspirantado Salesiano de Jacigu\u00e1, no munic\u00edpio de Vargem Alta (ES). Cursou Filosofia e Letras na Faculdade Dom Bosco, em S\u00e3o Jo\u00e3o Del Rei, e estudou Teologia em C\u00f3rdoba, Argentina, e no Instituto de Teologia da Universidade Cat\u00f3lica (PUC) de Belo Horizonte (MG).<\/span><\/p>\n<p style=\"text-align: justify\"><span style=\"line-height: 1.3em\">Em 11 de dezembro de 1996, dom D\u00e9cio foi nomeado bispo auxiliar da arquidiocese de Belo Horizonte. Posteriormente, no dia 14 de maio de 2003, Jo\u00e3o Paulo II o transferiu para a diocese de Colatina onde, em 6 de julho, foi empossado bispo.<\/span><\/p>\n<p style=\"text-align: justify\"><span style=\"line-height: 1.3em\">Atualmente, dom D\u00e9cio ocupa ainda os cargos de coordenador da Comiss\u00e3o para o Servi\u00e7o da Justi\u00e7a, da Caridade, da Paz, para a Educa\u00e7\u00e3o e a Comunica\u00e7\u00e3o do Regional Leste II, que abrange os Estados do Esp\u00edrito Santo e Minas Gerais.<\/span><\/p>\n<p style=\"text-align: justify\"><span style=\"line-height: 1.3em\">Seu lema \u00e9 \u201cDomine, ut videam\u201d (do latim: &#8220;Senhor, que eu veja&#8221;)<\/span><\/p>\n","protected":false},"excerpt":{"rendered":"<p>O papa aceitou, hoje, 14, o pedido de ren\u00fancia do bispo de Colatina (ES), dom D\u00e9cio Sossai Zandonade em conformidade com o c\u00e2non 401, par\u00e1grafo 2\u00ba do C\u00f3digo de Direito Can\u00f4nico, que diz: \u201cRoga-se instantemente ao Bispo diocesano que, em virtude da sua prec\u00e1ria sa\u00fade ou outra causa grave, se tenha tornado menos apto para &hellip;<\/p>\n<p class=\"read-more\"> <a class=\"\" href=\"https:\/\/www.cnbb.org.br\/papa-francisco-aceita-a-renuncia-do-bispo-de-colatina\/\"> <span class=\"screen-reader-text\">Papa Francisco aceita a ren\u00fancia do bispo de Colatina<\/span> Leia mais &raquo;<\/a><\/p>\n","protected":false},"author":83,"featured_media":22367,"comment_status":"open","ping_status":"open","sticky":false,"template":"","format":"standard","meta":{"site-sidebar-layout":"default","site-content-layout":"default","ast-global-header-display":"","ast-banner-title-visibility":"","ast-main-header-display":"","ast-hfb-above-header-display":"","ast-hfb-below-header-display":"","ast-hfb-mobile-header-display":"","site-post-title":"","ast-breadcrumbs-content":"","ast-featured-img":"","footer-sml-layout":"","theme-transparent-header-meta":"","adv-header-id-meta":"","stick-header-meta":"","header-above-stick-meta":"","header-main-stick-meta":"","header-below-stick-meta":""},"categories":[784],"tags":[],"acf":[],"_links":{"self":[{"href":"https:\/\/www.cnbb.org.br\/cnbb-app\/wp\/v2\/posts\/27732"}],"collection":[{"href":"https:\/\/www.cnbb.org.br\/cnbb-app\/wp\/v2\/posts"}],"about":[{"href":"https:\/\/www.cnbb.org.br\/cnbb-app\/wp\/v2\/types\/post"}],"author":[{"embeddable":true,"href":"https:\/\/www.cnbb.org.br\/cnbb-app\/wp\/v2\/users\/83"}],"replies":[{"embeddable":true,"href":"https:\/\/www.cnbb.org.br\/cnbb-app\/wp\/v2\/comments?post=27732"}],"version-history":[{"count":0,"href":"https:\/\/www.cnbb.org.br\/cnbb-app\/wp\/v2\/posts\/27732\/revisions"}],"wp:featuredmedia":[{"embeddable":true,"href":"https:\/\/www.cnbb.org.br\/cnbb-app\/wp\/v2\/media\/22367"}],"wp:attachment":[{"href":"https:\/\/www.cnbb.org.br\/cnbb-app\/wp\/v2\/media?parent=27732"}],"wp:term":[{"taxonomy":"category","embeddable":true,"href":"https:\/\/www.cnbb.org.br\/cnbb-app\/wp\/v2\/categories?post=27732"},{"taxonomy":"post_tag","embeddable":true,"href":"https:\/\/www.cnbb.org.br\/cnbb-app\/wp\/v2\/tags?post=27732"}],"curies":[{"name":"wp","href":"https:\/\/api.w.org\/{rel}","templated":true}]}}