{"id":27733,"date":"2014-05-14T00:00:00","date_gmt":"2014-05-14T03:00:00","guid":{"rendered":"https:\/\/www.cnbb.org.br\/santa-se-autoriza-inicio-de-beatificacao-de-dom-luciano\/"},"modified":"2014-05-14T00:00:00","modified_gmt":"2014-05-14T03:00:00","slug":"santa-se-autoriza-inicio-de-beatificacao-de-dom-luciano","status":"publish","type":"post","link":"https:\/\/www.cnbb.org.br\/santa-se-autoriza-inicio-de-beatificacao-de-dom-luciano\/","title":{"rendered":"Santa S\u00e9 autoriza in\u00edcio de processo de beatifica\u00e7\u00e3o de dom Luciano Mendes"},"content":{"rendered":"<p style=\"text-align: justify\">\n<p style=\"text-align: justify\"><span style=\"line-height: 1.3em\">A arquidiocese de Mariana (MG) divulgou ontem, dia 13, comunicado da Congrega\u00e7\u00e3o para a Causa dos Santos sobre o processo de beatifica\u00e7\u00e3o de dom Luciano Mendes de Almeida. \u00a0\u201cPor parte da Santa S\u00e9, n\u00e3o h\u00e1 nada que impe\u00e7a, para que se inicie a Causa de Beatifica\u00e7\u00e3o e Canoniza\u00e7\u00e3o de Dom Luciano Pedro Mendes de Almeida\u201d, informa a Congrega\u00e7\u00e3o. A solicita\u00e7\u00e3o de abertura do processo foi feita pelo arcebispo local, dom Geraldo Lyrio Rocha, que poder\u00e1 instituir o Tribunal que levar\u00e1 adiante o processo.<\/span><\/p>\n<p><!--more--><\/p>\n<p style=\"text-align: justify\">\n<p style=\"text-align: justify\"><span style=\"line-height: 1.3em\">Dom Luciano Pedro Mendes de Almeida foi arcebispo de Mariana de 1988 a 2006, quando faleceu aos 75 anos. O arcebispo, da Companhia de Jesus, foi secret\u00e1rio geral (de 1979 a 1986) e presidente (de 1987 a 1994) da Confer\u00eancia Nacional dos Bispos do Brasil (CNBB), por dois mandatos consecutivos. <\/span><\/p>\n<p style=\"text-align: justify\"><span style=\"line-height: 1.3em\">Em nota publicada em 2006 sobre dom Luciano, a Presid\u00eancia da CNBB destacou entre as marcas que deixou na institui\u00e7\u00e3o o dinamismo, a intelig\u00eancia privilegiada, a dedica\u00e7\u00e3o incans\u00e1vel e o testemunho de amor \u00e0 Igreja.<\/span><\/p>\n<p style=\"text-align: justify\">De origem fluminense, dom Luciano nasceu em 5 de outubro de 1930. Doutor em Filosofia, foi membro do Conselho Permanente da CNBB de 1987 at\u00e9 o ano de sua morte. Tamb\u00e9m atuou na Pontif\u00edcia Comiss\u00e3o Justi\u00e7a e Paz, foi vice-presidente do Conselho Episcopal Latino-americano (Celam) e presidente da Comiss\u00e3o Episcopal do Mutir\u00e3o para a Supera\u00e7\u00e3o da Mis\u00e9ria e da Fome.<\/p>\n<p style=\"text-align: justify\">Durante quase duas d\u00e9cadas \u00e0 frente da arquidiocese de Mariana (MG), o bispo deu forte impulso pastoral \u00e0quela Igreja particular, onde a organizou em cinco Regi\u00f5es Pastorais. Deu aten\u00e7\u00e3o \u00e0 forma\u00e7\u00e3o permanente do clero, \u00e0 realiza\u00e7\u00e3o de assembleias pastorais e \u00e0 reestrutura\u00e7\u00e3o de conselhos arquidiocesanos. Tamb\u00e9m organizou pastorais, religiosos, processos formativos do Semin\u00e1rio Arquidiocesano e obras sociais, al\u00e9m do investimento na capacita\u00e7\u00e3o e participa\u00e7\u00e3o dos leigos e na preserva\u00e7\u00e3o das Igrejas hist\u00f3ricas.<\/p>\n","protected":false},"excerpt":{"rendered":"<p>A arquidiocese de Mariana (MG) divulgou ontem, dia 13, comunicado da Congrega\u00e7\u00e3o para a Causa dos Santos sobre o processo de beatifica\u00e7\u00e3o de dom Luciano Mendes de Almeida. \u00a0\u201cPor parte da Santa S\u00e9, n\u00e3o h\u00e1 nada que impe\u00e7a, para que se inicie a Causa de Beatifica\u00e7\u00e3o e Canoniza\u00e7\u00e3o de Dom Luciano Pedro Mendes de Almeida\u201d, &hellip;<\/p>\n<p class=\"read-more\"> <a class=\"\" href=\"https:\/\/www.cnbb.org.br\/santa-se-autoriza-inicio-de-beatificacao-de-dom-luciano\/\"> <span class=\"screen-reader-text\">Santa S\u00e9 autoriza in\u00edcio de processo de beatifica\u00e7\u00e3o de dom Luciano Mendes<\/span> Leia mais &raquo;<\/a><\/p>\n","protected":false},"author":83,"featured_media":27734,"comment_status":"open","ping_status":"open","sticky":false,"template":"","format":"standard","meta":{"site-sidebar-layout":"default","site-content-layout":"default","ast-global-header-display":"","ast-banner-title-visibility":"","ast-main-header-display":"","ast-hfb-above-header-display":"","ast-hfb-below-header-display":"","ast-hfb-mobile-header-display":"","site-post-title":"","ast-breadcrumbs-content":"","ast-featured-img":"","footer-sml-layout":"","theme-transparent-header-meta":"","adv-header-id-meta":"","stick-header-meta":"","header-above-stick-meta":"","header-main-stick-meta":"","header-below-stick-meta":""},"categories":[784],"tags":[],"acf":[],"_links":{"self":[{"href":"https:\/\/www.cnbb.org.br\/cnbb-app\/wp\/v2\/posts\/27733"}],"collection":[{"href":"https:\/\/www.cnbb.org.br\/cnbb-app\/wp\/v2\/posts"}],"about":[{"href":"https:\/\/www.cnbb.org.br\/cnbb-app\/wp\/v2\/types\/post"}],"author":[{"embeddable":true,"href":"https:\/\/www.cnbb.org.br\/cnbb-app\/wp\/v2\/users\/83"}],"replies":[{"embeddable":true,"href":"https:\/\/www.cnbb.org.br\/cnbb-app\/wp\/v2\/comments?post=27733"}],"version-history":[{"count":0,"href":"https:\/\/www.cnbb.org.br\/cnbb-app\/wp\/v2\/posts\/27733\/revisions"}],"wp:featuredmedia":[{"embeddable":true,"href":"https:\/\/www.cnbb.org.br\/cnbb-app\/wp\/v2\/media\/27734"}],"wp:attachment":[{"href":"https:\/\/www.cnbb.org.br\/cnbb-app\/wp\/v2\/media?parent=27733"}],"wp:term":[{"taxonomy":"category","embeddable":true,"href":"https:\/\/www.cnbb.org.br\/cnbb-app\/wp\/v2\/categories?post=27733"},{"taxonomy":"post_tag","embeddable":true,"href":"https:\/\/www.cnbb.org.br\/cnbb-app\/wp\/v2\/tags?post=27733"}],"curies":[{"name":"wp","href":"https:\/\/api.w.org\/{rel}","templated":true}]}}