{"id":27744,"date":"2014-05-29T00:00:00","date_gmt":"2014-05-29T03:00:00","guid":{"rendered":"https:\/\/www.cnbb.org.br\/papa-francisco-comenta-viagem-a-terra-santa\/"},"modified":"2014-05-29T00:00:00","modified_gmt":"2014-05-29T03:00:00","slug":"papa-francisco-comenta-viagem-a-terra-santa","status":"publish","type":"post","link":"https:\/\/www.cnbb.org.br\/papa-francisco-comenta-viagem-a-terra-santa\/","title":{"rendered":"Papa Francisco comenta viagem \u00e0 Terra Santa"},"content":{"rendered":"<p style=\"text-align: justify\"><span style=\"line-height: 1.3em\">Ap\u00f3s retornar ao Vaticano, depois de tr\u00eas dias de peregrina\u00e7\u00e3o \u00e0 Terra Santa, o papa Francisco falou das experi\u00eancias que viveu na visita aos locais sagrados. Durante Audi\u00eancia Geral com milhares de fi\u00e9is reunidos na Pra\u00e7a de S\u00e3o Pedro, na quarta-feira, 28, Francisco disse que pode levar as comunidades uma palavra de esperan\u00e7a, mas que tamb\u00e9m recebeu o testemunho de f\u00e9 daquele povo.<\/span><\/p>\n<p><!--more--><\/p>\n<p style=\"text-align: justify\"><span style=\"line-height: 1.3em\">\u201cEsta peregrina\u00e7\u00e3o \u00e0 Terra Santa foi tamb\u00e9m a ocasi\u00e3o para confirmar na f\u00e9 as comunidades crist\u00e3s, que sofrem tanto, e exprimir a gratid\u00e3o de toda a\u00a0Igreja pela presen\u00e7a dos crist\u00e3os naquela regi\u00e3o e em todo o Oriente M\u00e9dio\u201d, comentou o papa.<\/span><\/p>\n<p style=\"text-align: justify\"><strong>Promover a paz<\/strong><\/p>\n<p style=\"text-align: justify\">Em suas visitas e encontros na Terra Santa, o papa testemunhou que pode constatar a coragem, esperan\u00e7a e caridade presente na vida dos irm\u00e3os. \u201cCom suas vidas de f\u00e9 e de ora\u00e7\u00e3o e com a apreciada atividade educativa e assistencial, eles trabalham em favor da reconcilia\u00e7\u00e3o e do perd\u00e3o, contribuindo para o bem comum da sociedade\u201d, disse.<\/p>\n<p style=\"text-align: justify\">Ao final da reflex\u00e3o da Audi\u00eancia Geral, o papa pediu aos fi\u00e9is que rezem pela paz na Terra Santa e no Oriente M\u00e9dio. \u201cConvido voc\u00eas agora a rezarem juntos, a rezarem juntos \u00e0 Nossa Senhora, Rainha da paz, Rainha da unidade entre os crist\u00e3os, a M\u00e3e de todos os crist\u00e3os: que ela nos d\u00ea a paz, a todo o mundo, e que ela nos acompanhe neste caminho de unidade\u201d.<\/p>\n<p style=\"text-align: justify\"><em>CNBB com informa\u00e7\u00f5es da ACI Digital.<\/em><\/p>\n","protected":false},"excerpt":{"rendered":"<p>Ap\u00f3s retornar ao Vaticano, depois de tr\u00eas dias de peregrina\u00e7\u00e3o \u00e0 Terra Santa, o papa Francisco falou das experi\u00eancias que viveu na visita aos locais sagrados. Durante Audi\u00eancia Geral com milhares de fi\u00e9is reunidos na Pra\u00e7a de S\u00e3o Pedro, na quarta-feira, 28, Francisco disse que pode levar as comunidades uma palavra de esperan\u00e7a, mas que &hellip;<\/p>\n<p class=\"read-more\"> <a class=\"\" href=\"https:\/\/www.cnbb.org.br\/papa-francisco-comenta-viagem-a-terra-santa\/\"> <span class=\"screen-reader-text\">Papa Francisco comenta viagem \u00e0 Terra Santa<\/span> Leia mais &raquo;<\/a><\/p>\n","protected":false},"author":83,"featured_media":14109,"comment_status":"open","ping_status":"open","sticky":false,"template":"","format":"standard","meta":{"site-sidebar-layout":"default","site-content-layout":"default","ast-global-header-display":"","ast-banner-title-visibility":"","ast-main-header-display":"","ast-hfb-above-header-display":"","ast-hfb-below-header-display":"","ast-hfb-mobile-header-display":"","site-post-title":"","ast-breadcrumbs-content":"","ast-featured-img":"","footer-sml-layout":"","theme-transparent-header-meta":"","adv-header-id-meta":"","stick-header-meta":"","header-above-stick-meta":"","header-main-stick-meta":"","header-below-stick-meta":""},"categories":[784],"tags":[],"acf":[],"_links":{"self":[{"href":"https:\/\/www.cnbb.org.br\/cnbb-app\/wp\/v2\/posts\/27744"}],"collection":[{"href":"https:\/\/www.cnbb.org.br\/cnbb-app\/wp\/v2\/posts"}],"about":[{"href":"https:\/\/www.cnbb.org.br\/cnbb-app\/wp\/v2\/types\/post"}],"author":[{"embeddable":true,"href":"https:\/\/www.cnbb.org.br\/cnbb-app\/wp\/v2\/users\/83"}],"replies":[{"embeddable":true,"href":"https:\/\/www.cnbb.org.br\/cnbb-app\/wp\/v2\/comments?post=27744"}],"version-history":[{"count":0,"href":"https:\/\/www.cnbb.org.br\/cnbb-app\/wp\/v2\/posts\/27744\/revisions"}],"wp:featuredmedia":[{"embeddable":true,"href":"https:\/\/www.cnbb.org.br\/cnbb-app\/wp\/v2\/media\/14109"}],"wp:attachment":[{"href":"https:\/\/www.cnbb.org.br\/cnbb-app\/wp\/v2\/media?parent=27744"}],"wp:term":[{"taxonomy":"category","embeddable":true,"href":"https:\/\/www.cnbb.org.br\/cnbb-app\/wp\/v2\/categories?post=27744"},{"taxonomy":"post_tag","embeddable":true,"href":"https:\/\/www.cnbb.org.br\/cnbb-app\/wp\/v2\/tags?post=27744"}],"curies":[{"name":"wp","href":"https:\/\/api.w.org\/{rel}","templated":true}]}}