{"id":27745,"date":"2014-05-30T00:00:00","date_gmt":"2014-05-30T03:00:00","guid":{"rendered":"https:\/\/www.cnbb.org.br\/oracao-pela-paz-reunira-papa-francisco-e-presidentes-de-israel-e-da-palestina\/"},"modified":"2014-05-30T00:00:00","modified_gmt":"2014-05-30T03:00:00","slug":"oracao-pela-paz-reunira-papa-francisco-e-presidentes-de-israel-e-da-palestina","status":"publish","type":"post","link":"https:\/\/www.cnbb.org.br\/oracao-pela-paz-reunira-papa-francisco-e-presidentes-de-israel-e-da-palestina\/","title":{"rendered":"Papa Francisco e os presidentes de Israel e da Palestina rezar\u00e3o pela paz"},"content":{"rendered":"<p style=\"text-align: justify\">Durante a sua peregrina\u00e7\u00e3o \u00e0 Terra Santa, realizada entre 24 e 26 de maio, o papa Francisco convidou os presidentes de Israel, Shimon Peres, e da Palestina, Mahmoud Abbas, para um encontro de ora\u00e7\u00e3o pela paz. A iniciativa acontecer\u00e1 no pr\u00f3ximo dia 8, no Vaticano.\u00a0<\/p>\n<p>  <!--more-->  <\/p>\n<p style=\"text-align: justify\"><span style=\"line-height: 1.3em\">\u00a0<\/span><span style=\"line-height: 1.3em\">\u201cSer\u00e1 um encontro de ora\u00e7\u00e3o. N\u00e3o ser\u00e1 um encontro para fazer uma media\u00e7\u00e3o ou buscar solu\u00e7\u00f5es, n\u00e3o! Nos reuniremos para rezar, somente. Depois, cada um volta para sua casa. Mas eu acredito que a ora\u00e7\u00e3o seja importante, e rezar juntos sem fazer discuss\u00f5es de outro tipo, isto ajuda\u201d, disse o papa Francisco aos jornalistas ao retornar da peregrina\u00e7\u00e3o.<\/span><\/p>\n<p style=\"text-align: justify\">O papa explicou ainda que este encontro era para ter ocorrido na Terra Santa, mas n\u00e3o foi poss\u00edvel devido aos problemas log\u00edsticos, sobretudo com rela\u00e7\u00e3o ao territ\u00f3rio. O encontro pretende relan\u00e7ar as negocia\u00e7\u00f5es de paz.<\/p>\n<p style=\"text-align: justify\"><span style=\"font-size: x-small\">CNBB com informa\u00e7\u00f5es da R\u00e1dio Vatica<\/span><span style=\"font-size: xx-small\">no<\/span><\/p>\n","protected":false},"excerpt":{"rendered":"<p>Durante a sua peregrina\u00e7\u00e3o \u00e0 Terra Santa, realizada entre 24 e 26 de maio, o papa Francisco convidou os presidentes de Israel, Shimon Peres, e da Palestina, Mahmoud Abbas, para um encontro de ora\u00e7\u00e3o pela paz. A iniciativa acontecer\u00e1 no pr\u00f3ximo dia 8, no Vaticano.\u00a0<\/p>\n","protected":false},"author":83,"featured_media":27746,"comment_status":"open","ping_status":"open","sticky":false,"template":"","format":"standard","meta":{"site-sidebar-layout":"default","site-content-layout":"default","ast-global-header-display":"","ast-banner-title-visibility":"","ast-main-header-display":"","ast-hfb-above-header-display":"","ast-hfb-below-header-display":"","ast-hfb-mobile-header-display":"","site-post-title":"","ast-breadcrumbs-content":"","ast-featured-img":"","footer-sml-layout":"","theme-transparent-header-meta":"","adv-header-id-meta":"","stick-header-meta":"","header-above-stick-meta":"","header-main-stick-meta":"","header-below-stick-meta":""},"categories":[784],"tags":[],"acf":[],"_links":{"self":[{"href":"https:\/\/www.cnbb.org.br\/cnbb-app\/wp\/v2\/posts\/27745"}],"collection":[{"href":"https:\/\/www.cnbb.org.br\/cnbb-app\/wp\/v2\/posts"}],"about":[{"href":"https:\/\/www.cnbb.org.br\/cnbb-app\/wp\/v2\/types\/post"}],"author":[{"embeddable":true,"href":"https:\/\/www.cnbb.org.br\/cnbb-app\/wp\/v2\/users\/83"}],"replies":[{"embeddable":true,"href":"https:\/\/www.cnbb.org.br\/cnbb-app\/wp\/v2\/comments?post=27745"}],"version-history":[{"count":0,"href":"https:\/\/www.cnbb.org.br\/cnbb-app\/wp\/v2\/posts\/27745\/revisions"}],"wp:featuredmedia":[{"embeddable":true,"href":"https:\/\/www.cnbb.org.br\/cnbb-app\/wp\/v2\/media\/27746"}],"wp:attachment":[{"href":"https:\/\/www.cnbb.org.br\/cnbb-app\/wp\/v2\/media?parent=27745"}],"wp:term":[{"taxonomy":"category","embeddable":true,"href":"https:\/\/www.cnbb.org.br\/cnbb-app\/wp\/v2\/categories?post=27745"},{"taxonomy":"post_tag","embeddable":true,"href":"https:\/\/www.cnbb.org.br\/cnbb-app\/wp\/v2\/tags?post=27745"}],"curies":[{"name":"wp","href":"https:\/\/api.w.org\/{rel}","templated":true}]}}