{"id":27747,"date":"2014-06-06T00:00:00","date_gmt":"2014-06-06T03:00:00","guid":{"rendered":"https:\/\/www.cnbb.org.br\/papa-pede-para-que-o-encontro-de-oracao-pela-paz-envolva-tambem-os-fieis\/"},"modified":"2014-06-06T00:00:00","modified_gmt":"2014-06-06T03:00:00","slug":"papa-pede-para-que-o-encontro-de-oracao-pela-paz-envolva-tambem-os-fieis","status":"publish","type":"post","link":"https:\/\/www.cnbb.org.br\/papa-pede-para-que-o-encontro-de-oracao-pela-paz-envolva-tambem-os-fieis\/","title":{"rendered":"Papa pede para que o Encontro de Ora\u00e7\u00e3o pela Paz envolva os fieis"},"content":{"rendered":"<p style=\"text-align: justify\">A Solenidade de Pentecostes, no pr\u00f3ximo dia 8 de junho, ser\u00e1 marcada pelo Encontro de Ora\u00e7\u00e3o pela Paz e reunir\u00e1, no Vaticano, o papa Francisco e os presidentes de Israel, Shimon Peres, e da Palestina, Mahmoud Abbas. A iniciativa contar\u00e1 com a presen\u00e7a do patriarca de Constantinopla, Bartolomeu I, e com as ora\u00e7\u00f5es de fi\u00e9is de todo o mundo. Em mensagem enviada aos bispos, Francisco pede para que \u201ceste momento envolva todos os fi\u00e9is, a fim de que seja mais intensa a ora\u00e7\u00e3o elevada a Deus e seja finalmente concedida \u00e0 Terra de Jesus aquela paz que os anjos anunciaram quando Ele nasceu\u201d.<\/p>\n<p>  <!--more-->  <\/p>\n<p style=\"text-align: justify\">Durante a sua peregrina\u00e7\u00e3o \u00e0 Terra Santa, realizada entre 24 e 26 de maio, o papa Francisco convidou os presidentes de Israel, Shimon Peres, e da Palestina, Mahmoud Abbas, para um encontro de ora\u00e7\u00e3o pela paz. \u201cSer\u00e1 um encontro de ora\u00e7\u00e3o. N\u00e3o ser\u00e1 um encontro para fazer uma media\u00e7\u00e3o ou buscar solu\u00e7\u00f5es, n\u00e3o! Nos reuniremos para rezar, somente. Depois, cada um volta para sua casa. Mas eu acredito que a ora\u00e7\u00e3o seja importante, e rezar juntos sem fazer discuss\u00f5es de outro tipo, isto ajuda\u201d, disse o papa Francisco aos jornalistas ao retornar da peregrina\u00e7\u00e3o.<\/p>\n<p style=\"text-align: justify\">O papa explicou ainda que este encontro era para ter ocorrido na Terra Santa, mas n\u00e3o foi poss\u00edvel devido aos problemas log\u00edsticos, sobretudo com rela\u00e7\u00e3o ao territ\u00f3rio. O encontro pretende relan\u00e7ar as negocia\u00e7\u00f5es de paz.<\/p>\n<p style=\"text-align: justify\"><strong>Programa\u00e7\u00e3o<\/strong><\/p>\n<p style=\"text-align: justify\">O Encontro ter\u00e1 in\u00edcio no final da tarde de domingo e ser\u00e1 realizado em um gramado entre a Casina Pio IV e os museus vaticanos. A cerim\u00f4nia ter\u00e1 tr\u00eas momentos que se desenvolver\u00e3o de acordo com a ordem cronol\u00f3gica das religi\u00f5es. Os tr\u00eas representantes far\u00e3o ora\u00e7\u00f5es para agradecer pela cria\u00e7\u00e3o, pedir perd\u00e3o e invocar a paz. Ap\u00f3s, haver\u00e1 os pronunciamentos do papa Francisco, do presidente Peres e do presidente Mahmoud. Este momento ser\u00e1 seguido por um gesto de paz. \u00a0\u00a0<\/p>\n<p style=\"text-align: justify\">\u00a0<\/p>\n<p style=\"text-align: justify\">\u00a0<\/p>\n","protected":false},"excerpt":{"rendered":"<p>A Solenidade de Pentecostes, no pr\u00f3ximo dia 8 de junho, ser\u00e1 marcada pelo Encontro de Ora\u00e7\u00e3o pela Paz e reunir\u00e1, no Vaticano, o papa Francisco e os presidentes de Israel, Shimon Peres, e da Palestina, Mahmoud Abbas. A iniciativa contar\u00e1 com a presen\u00e7a do patriarca de Constantinopla, Bartolomeu I, e com as ora\u00e7\u00f5es de fi\u00e9is &hellip;<\/p>\n<p class=\"read-more\"> <a class=\"\" href=\"https:\/\/www.cnbb.org.br\/papa-pede-para-que-o-encontro-de-oracao-pela-paz-envolva-tambem-os-fieis\/\"> <span class=\"screen-reader-text\">Papa pede para que o Encontro de Ora\u00e7\u00e3o pela Paz envolva os fieis<\/span> Leia mais &raquo;<\/a><\/p>\n","protected":false},"author":83,"featured_media":27590,"comment_status":"open","ping_status":"open","sticky":false,"template":"","format":"standard","meta":{"site-sidebar-layout":"default","site-content-layout":"default","ast-global-header-display":"","ast-banner-title-visibility":"","ast-main-header-display":"","ast-hfb-above-header-display":"","ast-hfb-below-header-display":"","ast-hfb-mobile-header-display":"","site-post-title":"","ast-breadcrumbs-content":"","ast-featured-img":"","footer-sml-layout":"","theme-transparent-header-meta":"","adv-header-id-meta":"","stick-header-meta":"","header-above-stick-meta":"","header-main-stick-meta":"","header-below-stick-meta":""},"categories":[784],"tags":[],"acf":[],"_links":{"self":[{"href":"https:\/\/www.cnbb.org.br\/cnbb-app\/wp\/v2\/posts\/27747"}],"collection":[{"href":"https:\/\/www.cnbb.org.br\/cnbb-app\/wp\/v2\/posts"}],"about":[{"href":"https:\/\/www.cnbb.org.br\/cnbb-app\/wp\/v2\/types\/post"}],"author":[{"embeddable":true,"href":"https:\/\/www.cnbb.org.br\/cnbb-app\/wp\/v2\/users\/83"}],"replies":[{"embeddable":true,"href":"https:\/\/www.cnbb.org.br\/cnbb-app\/wp\/v2\/comments?post=27747"}],"version-history":[{"count":0,"href":"https:\/\/www.cnbb.org.br\/cnbb-app\/wp\/v2\/posts\/27747\/revisions"}],"wp:featuredmedia":[{"embeddable":true,"href":"https:\/\/www.cnbb.org.br\/cnbb-app\/wp\/v2\/media\/27590"}],"wp:attachment":[{"href":"https:\/\/www.cnbb.org.br\/cnbb-app\/wp\/v2\/media?parent=27747"}],"wp:term":[{"taxonomy":"category","embeddable":true,"href":"https:\/\/www.cnbb.org.br\/cnbb-app\/wp\/v2\/categories?post=27747"},{"taxonomy":"post_tag","embeddable":true,"href":"https:\/\/www.cnbb.org.br\/cnbb-app\/wp\/v2\/tags?post=27747"}],"curies":[{"name":"wp","href":"https:\/\/api.w.org\/{rel}","templated":true}]}}