{"id":27752,"date":"2014-06-13T00:00:00","date_gmt":"2014-06-13T03:00:00","guid":{"rendered":"https:\/\/www.cnbb.org.br\/papa-francisco-anuncia-o-novo-protodiacono-da-igreja\/"},"modified":"2014-06-13T00:00:00","modified_gmt":"2014-06-13T03:00:00","slug":"papa-francisco-anuncia-o-novo-protodiacono-da-igreja","status":"publish","type":"post","link":"https:\/\/www.cnbb.org.br\/papa-francisco-anuncia-o-novo-protodiacono-da-igreja\/","title":{"rendered":"Papa Francisco anuncia o novo protodi\u00e1cono da Igreja"},"content":{"rendered":"<p style=\"text-align: justify\" align=\"center\"><span style=\"line-height: 1.3em\">O cardeal italiano Renato Raffaele Martino, 81, \u00e9 o novo protodi\u00e1cono nomeado pelo papa Francisco, na quinta-feira, 12.\u00a0 Uma das fun\u00e7\u00f5es do protodi\u00e1cono \u00e9 anunciar ao mundo a elei\u00e7\u00e3o do novo pont\u00edfice, proferindo a conhecida express\u00e3o <\/span><em style=\"line-height: 1.3em\">Habemus Papam<\/em><span style=\"line-height: 1.3em\">, \u201cN\u00f3s temos um papa\u201d.<\/span><\/p>\n<p>  <!--more-->  <\/p>\n<p style=\"text-align: justify\" align=\"center\"><span style=\"line-height: 1.3em\">O cardeal franc\u00eas Jean Louis Tauran ocupava essa fun\u00e7\u00e3o, passando, agora, para a ordem dos cardeais-presb\u00edteros. Foi ele que fez o an\u00fancio da elei\u00e7\u00e3o do cardeal argentino, Mario Jorge Bergoglio, como novo papa. \u00a0<\/span><\/p>\n<p style=\"text-align: justify\">Na dimens\u00e3o apost\u00f3lica da Igreja Cat\u00f3lica, s\u00e3o tr\u00eas ordens de cardeais, sendo os cardeais-bispos, cardeais-presb\u00edteros e cardeais-di\u00e1conos. Os cardeais-bispos s\u00e3o titulares das seis igrejas suburbic\u00e1rias de Roma (Albano, Frascati, Palestrina, Porto-Santa Rufina, Sabina-Poggio Mirteto e Velletri-Segni). S\u00e3o eles que t\u00eam a responsabilidade de eleger o decano do Col\u00e9gio Cardinal\u00edcio, cujo nome indicado, tamb\u00e9m, deve ser aprovado pelo papa.<\/p>\n<p style=\"text-align: justify\">Em sua maioria, os cardeais da Igreja pertencem \u00e0 ordem dos cardeais-presb\u00edteros, e a cada um \u00e9 confiado um t\u00edtulo na diocese de Roma. J\u00e1 os cardeais-di\u00e1conos recebem uma diaconia na mesma cidade. Como membros do col\u00e9gio de cardeais, os patriarcas de rito oriental integram a ordem dos cardeais-bispos, sem receber a atribui\u00e7\u00e3o de uma igreja suburbic\u00e1ria.<\/p>\n<p style=\"text-align: justify\">Juntamente com o cardeal Tauran, foram transferidos para a ordem dos presb\u00edteros os cardeais Juli\u00e1n\u00a0Herranz, Javier Lozano\u00a0Barrag\u00e1n, Attilio\u00a0Nicora, Georges Marie Martin\u00a0Cottier e Francesco\u00a0Marchisano.<\/p>\n<p style=\"text-align: justify\"><em>CNBB com informa\u00e7\u00f5es da R\u00e1dio Vaticano.<\/em><\/p>\n<p style=\"text-align: justify\">\u00a0<\/p>\n","protected":false},"excerpt":{"rendered":"<p>O cardeal italiano Renato Raffaele Martino, 81, \u00e9 o novo protodi\u00e1cono nomeado pelo papa Francisco, na quinta-feira, 12.\u00a0 Uma das fun\u00e7\u00f5es do protodi\u00e1cono \u00e9 anunciar ao mundo a elei\u00e7\u00e3o do novo pont\u00edfice, proferindo a conhecida express\u00e3o Habemus Papam, \u201cN\u00f3s temos um papa\u201d.<\/p>\n","protected":false},"author":83,"featured_media":27753,"comment_status":"open","ping_status":"open","sticky":false,"template":"","format":"standard","meta":{"site-sidebar-layout":"default","site-content-layout":"default","ast-global-header-display":"","ast-banner-title-visibility":"","ast-main-header-display":"","ast-hfb-above-header-display":"","ast-hfb-below-header-display":"","ast-hfb-mobile-header-display":"","site-post-title":"","ast-breadcrumbs-content":"","ast-featured-img":"","footer-sml-layout":"","theme-transparent-header-meta":"","adv-header-id-meta":"","stick-header-meta":"","header-above-stick-meta":"","header-main-stick-meta":"","header-below-stick-meta":""},"categories":[784],"tags":[],"acf":[],"_links":{"self":[{"href":"https:\/\/www.cnbb.org.br\/cnbb-app\/wp\/v2\/posts\/27752"}],"collection":[{"href":"https:\/\/www.cnbb.org.br\/cnbb-app\/wp\/v2\/posts"}],"about":[{"href":"https:\/\/www.cnbb.org.br\/cnbb-app\/wp\/v2\/types\/post"}],"author":[{"embeddable":true,"href":"https:\/\/www.cnbb.org.br\/cnbb-app\/wp\/v2\/users\/83"}],"replies":[{"embeddable":true,"href":"https:\/\/www.cnbb.org.br\/cnbb-app\/wp\/v2\/comments?post=27752"}],"version-history":[{"count":0,"href":"https:\/\/www.cnbb.org.br\/cnbb-app\/wp\/v2\/posts\/27752\/revisions"}],"wp:featuredmedia":[{"embeddable":true,"href":"https:\/\/www.cnbb.org.br\/cnbb-app\/wp\/v2\/media\/27753"}],"wp:attachment":[{"href":"https:\/\/www.cnbb.org.br\/cnbb-app\/wp\/v2\/media?parent=27752"}],"wp:term":[{"taxonomy":"category","embeddable":true,"href":"https:\/\/www.cnbb.org.br\/cnbb-app\/wp\/v2\/categories?post=27752"},{"taxonomy":"post_tag","embeddable":true,"href":"https:\/\/www.cnbb.org.br\/cnbb-app\/wp\/v2\/tags?post=27752"}],"curies":[{"name":"wp","href":"https:\/\/api.w.org\/{rel}","templated":true}]}}