{"id":27787,"date":"2014-09-10T00:00:00","date_gmt":"2014-09-10T03:00:00","guid":{"rendered":"https:\/\/www.cnbb.org.br\/divulgados-nomes-dos-participantes-da-assembleia-geral-do-sinodo\/"},"modified":"2014-09-10T00:00:00","modified_gmt":"2014-09-10T03:00:00","slug":"divulgados-nomes-dos-participantes-da-assembleia-geral-do-sinodo","status":"publish","type":"post","link":"https:\/\/www.cnbb.org.br\/divulgados-nomes-dos-participantes-da-assembleia-geral-do-sinodo\/","title":{"rendered":"Divulgada lista de participantes do S\u00ednodo"},"content":{"rendered":"<p style=\"text-align: justify\">O Vaticano divulgou na ter\u00e7a-feira, 9, a lista dos participantes da 3\u00aa Assembleia Geral Extraordin\u00e1ria do S\u00ednodo dos Bispos, que acontecer\u00e1 de 5 a 19 de outubro, com o tema &#8220;Os desafios pastorais da fam\u00edlia no \u00e2mbito da evangeliza\u00e7\u00e3o&#8221;. Entre os 253 presentes, est\u00e3o os cardeais brasileiros: Raymundo Damasceno Assis, arcebispo de Aparecida e presidente da CNBB; Jo\u00e3o Braz de Aviz, prefeito da Congrega\u00e7\u00e3o Pontif\u00edcia para os Institutos de Vida Consagrada e as Sociedades de Vida Apost\u00f3lica; Odilo Pedro Scherer, arcebispo de S\u00e3o Paulo; Orani Jo\u00e3o Tempesta, arcebispo do\u00a0 Rio de Janeiro; acompanhados do Monsenhor Edgard Madi, bispo de Nossa Senhora do L\u00edbano, em S\u00e3o Paulo. Tamb\u00e9m participar\u00e1 do evento, como auditores, o casal de brasileiros Arturo e Hermelinda Zamberline, respons\u00e1vel pela \u201cEquipe Notre-Dame\u201d para a super regi\u00e3o do Brasil.<\/p>\n<p>  <!--more-->  <\/p>\n<p style=\"text-align: justify\">De acordo com informa\u00e7\u00f5es do Vaticano, estar\u00e3o presentes na\u00a0 3\u00aa Assembleia Geral Extraordin\u00e1ria do S\u00ednodo dos Bispos representantes de cinco continentes, sendo: 114 presidentes de confer\u00eancias episcopais, 13 chefes de igrejas Cat\u00f3licas Orientais &#8220;sui iuris&#8221;, 25 chefes de dicast\u00e9rios da C\u00faria Romana, nove membros do Conselho Ordin\u00e1rio de Secretaria, o secret\u00e1rio geral, o subsecret\u00e1rio, tr\u00eas religiosos eleitos pela Uni\u00e3o de Superiores Gerais, 26 membros nomeados pelo papa, oito delegados fraternos, 38 auditores, dos quais 13 casais, 16 especialistas.<\/p>\n<p>Durante as duas semanas da assembleia sinodal, os participantes ir\u00e3o refletir sobre o Documento de trabalho publicado em junho. Conforme recordou o secret\u00e1rio geral do S\u00ednodo, cardeal Lorenzo Baldisseri, o objetivo \u00e9 \u201cpropor ao mundo de hoje a beleza e os valores da fam\u00edlia, que emergem do an\u00fancio de Jesus Cristo que dissolve o medo e sustenta a esperan\u00e7a\u201d. Como anunciado, os trabalhos seguir\u00e3o uma nova metodologia interna, visando favorecer uma participa\u00e7\u00e3o mais din\u00e2mica dos padres. N\u00e3o est\u00e1 previsto um documento final na conclus\u00e3o da assembleia. Trata-se apenas da primeira etapa de um percurso que se concluir\u00e1 no pr\u00f3ximo ano, quando entre os dias 4 e 15 de outubro de 2015, se realizar\u00e1 o 14\u00ba S\u00ednodo Geral Ordin\u00e1rio, que tratar\u00e1 do tema \u201cJesus Cristo revela o mist\u00e9rio e a voca\u00e7\u00e3o da fam\u00edlia\u201d.<\/p>\n<p>Este \u00e9 o terceiro S\u00ednodo extraordin\u00e1rio da hist\u00f3ria da Assembleia Sinodal. Os primeiros aconteceram em 1969 e em 1985, respectivamente, sobre Confer\u00eancias Episcopais e colegialidade dos bispos e sobre a aplica\u00e7\u00e3o do Conc\u00edlio Vaticano II.<\/p>\n","protected":false},"excerpt":{"rendered":"<p>O Vaticano divulgou na ter\u00e7a-feira, 9, a lista dos participantes da 3\u00aa Assembleia Geral Extraordin\u00e1ria do S\u00ednodo dos Bispos, que acontecer\u00e1 de 5 a 19 de outubro, com o tema &#8220;Os desafios pastorais da fam\u00edlia no \u00e2mbito da evangeliza\u00e7\u00e3o&#8221;. Entre os 253 presentes, est\u00e3o os cardeais brasileiros: Raymundo Damasceno Assis, arcebispo de Aparecida e presidente &hellip;<\/p>\n<p class=\"read-more\"> <a class=\"\" href=\"https:\/\/www.cnbb.org.br\/divulgados-nomes-dos-participantes-da-assembleia-geral-do-sinodo\/\"> <span class=\"screen-reader-text\">Divulgada lista de participantes do S\u00ednodo<\/span> Leia mais &raquo;<\/a><\/p>\n","protected":false},"author":83,"featured_media":17717,"comment_status":"open","ping_status":"open","sticky":false,"template":"","format":"standard","meta":{"site-sidebar-layout":"default","site-content-layout":"default","ast-global-header-display":"","ast-banner-title-visibility":"","ast-main-header-display":"","ast-hfb-above-header-display":"","ast-hfb-below-header-display":"","ast-hfb-mobile-header-display":"","site-post-title":"","ast-breadcrumbs-content":"","ast-featured-img":"","footer-sml-layout":"","theme-transparent-header-meta":"","adv-header-id-meta":"","stick-header-meta":"","header-above-stick-meta":"","header-main-stick-meta":"","header-below-stick-meta":""},"categories":[784],"tags":[],"acf":[],"_links":{"self":[{"href":"https:\/\/www.cnbb.org.br\/cnbb-app\/wp\/v2\/posts\/27787"}],"collection":[{"href":"https:\/\/www.cnbb.org.br\/cnbb-app\/wp\/v2\/posts"}],"about":[{"href":"https:\/\/www.cnbb.org.br\/cnbb-app\/wp\/v2\/types\/post"}],"author":[{"embeddable":true,"href":"https:\/\/www.cnbb.org.br\/cnbb-app\/wp\/v2\/users\/83"}],"replies":[{"embeddable":true,"href":"https:\/\/www.cnbb.org.br\/cnbb-app\/wp\/v2\/comments?post=27787"}],"version-history":[{"count":0,"href":"https:\/\/www.cnbb.org.br\/cnbb-app\/wp\/v2\/posts\/27787\/revisions"}],"wp:featuredmedia":[{"embeddable":true,"href":"https:\/\/www.cnbb.org.br\/cnbb-app\/wp\/v2\/media\/17717"}],"wp:attachment":[{"href":"https:\/\/www.cnbb.org.br\/cnbb-app\/wp\/v2\/media?parent=27787"}],"wp:term":[{"taxonomy":"category","embeddable":true,"href":"https:\/\/www.cnbb.org.br\/cnbb-app\/wp\/v2\/categories?post=27787"},{"taxonomy":"post_tag","embeddable":true,"href":"https:\/\/www.cnbb.org.br\/cnbb-app\/wp\/v2\/tags?post=27787"}],"curies":[{"name":"wp","href":"https:\/\/api.w.org\/{rel}","templated":true}]}}