{"id":27804,"date":"2014-10-03T00:00:00","date_gmt":"2014-10-03T03:00:00","guid":{"rendered":"https:\/\/www.cnbb.org.br\/papa-francisco-faz-alerta-sobre-a-formacao-de-padres\/"},"modified":"2014-10-03T00:00:00","modified_gmt":"2014-10-03T03:00:00","slug":"papa-francisco-faz-alerta-sobre-a-formacao-de-padres","status":"publish","type":"post","link":"https:\/\/www.cnbb.org.br\/papa-francisco-faz-alerta-sobre-a-formacao-de-padres\/","title":{"rendered":"Papa Francisco afirma que &#8220;a forma\u00e7\u00e3o do presb\u00edtero deve ser permanente&#8221;"},"content":{"rendered":"<p style=\"text-align: justify\"><span style=\"line-height: 1.3em\">Participantes da Plen\u00e1ria da Congrega\u00e7\u00e3o para o Clero tiveram encontro com o papa Francisco, na manh\u00e3 desta sexta-feira, 3. Entre os membros presentes, est\u00e3o os bispos brasileiros, os cardeais Jo\u00e3o Braz de Avis, presidente da Congrega\u00e7\u00e3o para os Institutos de Vida Consagrada e as Sociedades de Vida Apost\u00f3lica, e\u00a0<span>Odilo Pedro Scherer, arcebispo de S\u00e3o Paulo (SP).<\/span><\/span><\/p>\n<p>  <!--more-->  <\/p>\n<p style=\"text-align: justify\"><span style=\"line-height: 1.3em\">Na ocasi\u00e3o, o papa disse que a forma\u00e7\u00e3o do presb\u00edtero deve ser permanente. Francisco relembrou, ainda, a finalidade da Congrega\u00e7\u00e3o para o Clero, comprometida com a voca\u00e7\u00e3o, forma\u00e7\u00e3o e evangeliza\u00e7\u00e3o.<\/span><\/p>\n<p style=\"text-align: justify\">Para o papa, &#8220;a voca\u00e7\u00e3o \u00e9 como um &#8216;diamante bruto&#8217; a ser lapidado, para que brilhe em meio ao povo de Deus&#8221;. De acordo com o papa, a forma\u00e7\u00e3o n\u00e3o \u00e9 um ato unilateral, com o qual se transmitem no\u00e7\u00f5es teol\u00f3gicas ou espirituais, mas \u00e9 colocar-se em caminho permanente na escola de Cristo. Este percurso nunca termina, pois seus disc\u00edpulos jamais deixam de seguir o Mestre.<\/p>\n<p style=\"text-align: justify\">\u201c\u00c0s vezes somos \u00e1geis, outras vezes o nosso passo \u00e9 incerto, ficamos parados e podemos inclusive cair, mas sempre permanecendo em caminho. Portanto, a forma\u00e7\u00e3o enquanto discipulado acompanha toda a vida do ministro ordenado e diz respeito integralmente \u00e0 sua pessoa, intelectualmente, humanamente e espiritualmente\u201d, recomendou o papa.<\/p>\n<p style=\"text-align: justify\"><strong>Miss\u00e3o e compromisso<\/strong><\/p>\n<p style=\"text-align: justify\">Os padres s\u00e3o chamados a serem pastores, convidados a estarem em meio ao rebanho. Para o papa, os presb\u00edteros devem evitar a tenta\u00e7\u00e3o de se preocuparem com o consenso dos outros e com o pr\u00f3prio bem-estar, mas buscar trabalhar animados pela caridade pastoral, para o an\u00fancio do Evangelho at\u00e9 as periferias mais remotas. \u201cTrata-se de \u2018ser\u2019 padres, n\u00e3o se limitando a \u2018agir\u2019 como padres, livres de todo mundanismo espiritual\u201d, advertiu Francisco.\u00a0<\/p>\n<h5><strong><em>CNBB com informa\u00e7\u00f5es e imagens da R\u00e1dio Vaticano.\u00a0<\/em><\/strong><\/h5>\n","protected":false},"excerpt":{"rendered":"<p>Participantes da Plen\u00e1ria da Congrega\u00e7\u00e3o para o Clero tiveram encontro com o papa Francisco, na manh\u00e3 desta sexta-feira, 3. Entre os membros presentes, est\u00e3o os bispos brasileiros, os cardeais Jo\u00e3o Braz de Avis, presidente da Congrega\u00e7\u00e3o para os Institutos de Vida Consagrada e as Sociedades de Vida Apost\u00f3lica, e\u00a0Odilo Pedro Scherer, arcebispo de S\u00e3o Paulo &hellip;<\/p>\n<p class=\"read-more\"> <a class=\"\" href=\"https:\/\/www.cnbb.org.br\/papa-francisco-faz-alerta-sobre-a-formacao-de-padres\/\"> <span class=\"screen-reader-text\">Papa Francisco afirma que &#8220;a forma\u00e7\u00e3o do presb\u00edtero deve ser permanente&#8221;<\/span> Leia mais &raquo;<\/a><\/p>\n","protected":false},"author":83,"featured_media":27805,"comment_status":"open","ping_status":"open","sticky":false,"template":"","format":"standard","meta":{"site-sidebar-layout":"default","site-content-layout":"default","ast-global-header-display":"","ast-banner-title-visibility":"","ast-main-header-display":"","ast-hfb-above-header-display":"","ast-hfb-below-header-display":"","ast-hfb-mobile-header-display":"","site-post-title":"","ast-breadcrumbs-content":"","ast-featured-img":"","footer-sml-layout":"","theme-transparent-header-meta":"","adv-header-id-meta":"","stick-header-meta":"","header-above-stick-meta":"","header-main-stick-meta":"","header-below-stick-meta":""},"categories":[784],"tags":[],"acf":[],"_links":{"self":[{"href":"https:\/\/www.cnbb.org.br\/cnbb-app\/wp\/v2\/posts\/27804"}],"collection":[{"href":"https:\/\/www.cnbb.org.br\/cnbb-app\/wp\/v2\/posts"}],"about":[{"href":"https:\/\/www.cnbb.org.br\/cnbb-app\/wp\/v2\/types\/post"}],"author":[{"embeddable":true,"href":"https:\/\/www.cnbb.org.br\/cnbb-app\/wp\/v2\/users\/83"}],"replies":[{"embeddable":true,"href":"https:\/\/www.cnbb.org.br\/cnbb-app\/wp\/v2\/comments?post=27804"}],"version-history":[{"count":0,"href":"https:\/\/www.cnbb.org.br\/cnbb-app\/wp\/v2\/posts\/27804\/revisions"}],"wp:featuredmedia":[{"embeddable":true,"href":"https:\/\/www.cnbb.org.br\/cnbb-app\/wp\/v2\/media\/27805"}],"wp:attachment":[{"href":"https:\/\/www.cnbb.org.br\/cnbb-app\/wp\/v2\/media?parent=27804"}],"wp:term":[{"taxonomy":"category","embeddable":true,"href":"https:\/\/www.cnbb.org.br\/cnbb-app\/wp\/v2\/categories?post=27804"},{"taxonomy":"post_tag","embeddable":true,"href":"https:\/\/www.cnbb.org.br\/cnbb-app\/wp\/v2\/tags?post=27804"}],"curies":[{"name":"wp","href":"https:\/\/api.w.org\/{rel}","templated":true}]}}