{"id":27818,"date":"2014-10-16T00:00:00","date_gmt":"2014-10-16T03:00:00","guid":{"rendered":"https:\/\/www.cnbb.org.br\/papa-paulo-vi-sera-beatificado-neste-domingo\/"},"modified":"2014-10-16T00:00:00","modified_gmt":"2014-10-16T03:00:00","slug":"papa-paulo-vi-sera-beatificado-neste-domingo","status":"publish","type":"post","link":"https:\/\/www.cnbb.org.br\/papa-paulo-vi-sera-beatificado-neste-domingo\/","title":{"rendered":"Papa Paulo VI \u00e9 beatificado"},"content":{"rendered":"<p style=\"text-align: justify\"><span style=\"line-height: 1.3em\">No dia 21 de junho de 1963 foi eleito pelo conclave o cardeal Giovanni Battista Montini. Escolheu como nome papa Paulo VI, sendo o respons\u00e1vel por reabrir o Conc\u00edlio Vaticano II, ap\u00f3s a morte de seu antecessor, o papa Jo\u00e3o XXIII.<\/span><\/p>\n<p><!--more--><\/p>\n<p style=\"text-align: justify\"><span style=\"line-height: 1.3em\">Ap\u00f3s 36 anos do falecimento do papa Paulo VI, no dia 9 de maio deste ano, o papa Francisco promulgou o decreto sobre o milagre atribu\u00eddo \u00e0 intercess\u00e3o do vener\u00e1vel Servo de Deus, que \u00a0deixou importantes contribui\u00e7\u00f5es para a miss\u00e3o da Igreja, frutos da Assembleia Conciliar Ecum\u00eanica.<\/span><\/p>\n<p style=\"text-align: justify\"><strong>Beatifica\u00e7\u00e3o<\/strong><\/p>\n<p style=\"text-align: justify\">Ap\u00f3s a comprova\u00e7\u00e3o do milagre, a Congrega\u00e7\u00e3o para a Causa dos Santos comunicou a decis\u00e3o do papa Francisco em beatificar Paulo VI, neste domingo, 19 de outubro, no encerramento da 3\u00aa Assembleia Extraordin\u00e1ria do S\u00ednodo dos Bispos sobre a Fam\u00edlia. A cerim\u00f4nia de beatifica\u00e7\u00e3o aconteceu na Pra\u00e7a de S\u00e3o Pedro \u00e0s 10h30 (5h30 de Bras\u00edlia).<\/p>\n<p style=\"text-align: justify\">O beato foi autor da enc\u00edclica sobre a defesa da vida e da fam\u00edlia, a \u201cHumanae Vitae\u201d, que completou 46 anos de sua publica\u00e7\u00e3o.<\/p>\n<p style=\"text-align: justify\"><strong>O milagre<\/strong><\/p>\n<p style=\"text-align: justify\">No per\u00edodo da gravidez, uma m\u00e3e da Calif\u00f3rnia, no in\u00edcio dos anos 90, teve o diagn\u00f3stico dos m\u00e9dicos de um grave problema no feto e, ap\u00f3s v\u00e1rios testes, sugeriram que \u00e0 jovem m\u00e3e abortasse. Mesmo com a orienta\u00e7\u00e3o, a mulher decidiu n\u00e3o abortar, sabendo que a crian\u00e7a poderia nascer com comprometimentos f\u00edsicos e cerebrais.<\/p>\n<p style=\"text-align: justify\">A m\u00e3e ent\u00e3o pediu a intercess\u00e3o do papa Paulo VI e a crian\u00e7a nasceu sem problemas. Em 2012, a Igreja reconheceu por meio da Congrega\u00e7\u00e3o para a Causa dos Santos, que se tratava de um acontecimento realmente extraordin\u00e1rio e sobrenatural, ocorrido \u00a0gra\u00e7as \u00e0 intercess\u00e3o de Paulo VI.<\/p>\n<p style=\"text-align: justify\">O novo beato nasceu em 26 de setembro de 1897 em Concesio (It\u00e1lia) e faleceu em Castelgandolfo, no mesmo pa\u00eds, em agosto de 1978.<\/p>\n","protected":false},"excerpt":{"rendered":"<p>No dia 21 de junho de 1963 foi eleito pelo conclave o cardeal Giovanni Battista Montini. Escolheu como nome papa Paulo VI, sendo o respons\u00e1vel por reabrir o Conc\u00edlio Vaticano II, ap\u00f3s a morte de seu antecessor, o papa Jo\u00e3o XXIII.<\/p>\n","protected":false},"author":83,"featured_media":27819,"comment_status":"open","ping_status":"open","sticky":false,"template":"","format":"standard","meta":{"site-sidebar-layout":"default","site-content-layout":"default","ast-global-header-display":"","ast-banner-title-visibility":"","ast-main-header-display":"","ast-hfb-above-header-display":"","ast-hfb-below-header-display":"","ast-hfb-mobile-header-display":"","site-post-title":"","ast-breadcrumbs-content":"","ast-featured-img":"","footer-sml-layout":"","theme-transparent-header-meta":"","adv-header-id-meta":"","stick-header-meta":"","header-above-stick-meta":"","header-main-stick-meta":"","header-below-stick-meta":""},"categories":[784],"tags":[],"acf":[],"_links":{"self":[{"href":"https:\/\/www.cnbb.org.br\/cnbb-app\/wp\/v2\/posts\/27818"}],"collection":[{"href":"https:\/\/www.cnbb.org.br\/cnbb-app\/wp\/v2\/posts"}],"about":[{"href":"https:\/\/www.cnbb.org.br\/cnbb-app\/wp\/v2\/types\/post"}],"author":[{"embeddable":true,"href":"https:\/\/www.cnbb.org.br\/cnbb-app\/wp\/v2\/users\/83"}],"replies":[{"embeddable":true,"href":"https:\/\/www.cnbb.org.br\/cnbb-app\/wp\/v2\/comments?post=27818"}],"version-history":[{"count":0,"href":"https:\/\/www.cnbb.org.br\/cnbb-app\/wp\/v2\/posts\/27818\/revisions"}],"wp:featuredmedia":[{"embeddable":true,"href":"https:\/\/www.cnbb.org.br\/cnbb-app\/wp\/v2\/media\/27819"}],"wp:attachment":[{"href":"https:\/\/www.cnbb.org.br\/cnbb-app\/wp\/v2\/media?parent=27818"}],"wp:term":[{"taxonomy":"category","embeddable":true,"href":"https:\/\/www.cnbb.org.br\/cnbb-app\/wp\/v2\/categories?post=27818"},{"taxonomy":"post_tag","embeddable":true,"href":"https:\/\/www.cnbb.org.br\/cnbb-app\/wp\/v2\/tags?post=27818"}],"curies":[{"name":"wp","href":"https:\/\/api.w.org\/{rel}","templated":true}]}}