{"id":27860,"date":"2014-12-26T00:00:00","date_gmt":"2014-12-26T02:00:00","guid":{"rendered":"https:\/\/www.cnbb.org.br\/na-mensagem-urbi-et-orbi-papa-francisco-pede-pela-paz\/"},"modified":"2014-12-26T00:00:00","modified_gmt":"2014-12-26T02:00:00","slug":"na-mensagem-urbi-et-orbi-papa-francisco-pede-pela-paz","status":"publish","type":"post","link":"https:\/\/www.cnbb.org.br\/na-mensagem-urbi-et-orbi-papa-francisco-pede-pela-paz\/","title":{"rendered":"Papa pede pela paz e pelas crian\u00e7as v\u00edtimas da viol\u00eancia"},"content":{"rendered":"<p style=\"text-align: justify\">Na tradicional mensagem <em>Urbi et orbi<\/em>, o papa Francisco chamou a aten\u00e7\u00e3o para os refugiados de todo o mundo. Pediu paz ao Oriente M\u00e9dio, \u00e0 Ucr\u00e2nia e aos pa\u00edses africanos que sofrem com os\u00a0 in\u00fameros conflitos. Lembrou ainda das crian\u00e7as v\u00edtimas de todo tipo de viol\u00eancia. \u201cQue o poder de Cristo, que \u00e9 liberta\u00e7\u00e3o e servi\u00e7o, se fa\u00e7a sentir a tantos cora\u00e7\u00f5es que sofrem guerras, persegui\u00e7\u00f5es, escravid\u00e3o \u201c, pediu Francisco. Leia, na \u00edntegra, a mensagem.<\/p>\n<p>  <!--more-->  <\/p>\n<p style=\"text-align: justify\">\u00a0<\/p>\n<p style=\"text-align: center\"><strong>Mensagem <em>Urbi et Orbi <\/em><\/strong><\/p>\n<p style=\"text-align: center\"><strong>Natal 2014\u00a0<\/strong><\/p>\n<p style=\"text-align: justify\">\u00a0<em>Queridos irm\u00e3os e irm\u00e3s, bom Natal!<\/em><\/p>\n<p style=\"text-align: justify\">Jesus, o Filho de Deus, o Salvador do mundo, nasceu para n\u00f3s. Nasceu em Bel\u00e9m de uma virgem, dando cumprimento \u00e0s profecias antigas. A virgem chama-se Maria; o seu esposo, Jos\u00e9.<\/p>\n<p style=\"text-align: justify\">S\u00e3o as pessoas humildes, cheias de esperan\u00e7a na bondade de Deus, que acolhem Jesus e O reconhecem. Assim o Esp\u00edrito Santo iluminou os pastores de Bel\u00e9m, que acorreram \u00e0 gruta e adoraram o Menino. E mais tarde o Esp\u00edrito guiou at\u00e9 ao templo de Jerusal\u00e9m Sime\u00e3o e Ana, humildes anci\u00e3os, e eles reconheceram em Jesus o Messias. \u00abMeus olhos viram a salva\u00e7\u00e3o \u2013 exclama Sime\u00e3o \u2013 que ofereceste a todos os povos\u00bb (<em>Lc<\/em>\u00a02, 30-31).<\/p>\n<p style=\"text-align: justify\">Sim, irm\u00e3os, Jesus \u00e9 a salva\u00e7\u00e3o para cada pessoa e para cada povo!<\/p>\n<p style=\"text-align: justify\">A Ele, Salvador do mundo, pe\u00e7o hoje que olhe para os nossos irm\u00e3os e irm\u00e3s do Iraque e da S\u00edria que h\u00e1 tanto tempo sofrem os efeitos do conflito em curso e, juntamente com os membros de outros grupos \u00e9tnicos e religiosos, padecem uma persegui\u00e7\u00e3o brutal. Que o Natal lhes d\u00ea esperan\u00e7a, como aos in\u00fameros desalojados, deslocados e refugiados, crian\u00e7as, adultos e idosos, da Regi\u00e3o e do mundo inteiro; mude a indiferen\u00e7a em proximidade e a rejei\u00e7\u00e3o em acolhimento, para que todos aqueles que agora est\u00e3o na prova\u00e7\u00e3o possam receber a ajuda humanit\u00e1ria necess\u00e1ria para sobreviver \u00e0 rigidez do inverno, retornar aos seus pa\u00edses e viver com dignidade. Que o Senhor abra os cora\u00e7\u00f5es \u00e0 confian\u00e7a e d\u00ea a sua paz a todo o M\u00e9dio Oriente, a come\u00e7ar pela Terra aben\u00e7oada do seu nascimento, sustentando os esfor\u00e7os daqueles que est\u00e3o ativamente empenhados no di\u00e1logo entre Israelitas e Palestinos.<\/p>\n<p style=\"text-align: justify\">Jesus, Salvador do mundo, olhe para quantos sofrem na Ucr\u00e2nia e conceda \u00e0quela amada terra a gra\u00e7a de superar as tens\u00f5es, vencer o \u00f3dio e a viol\u00eancia e embocar um caminho novo de fraternidade e reconcilia\u00e7\u00e3o.<\/p>\n<p style=\"text-align: justify\">Cristo Salvador d\u00ea paz \u00e0 Nig\u00e9ria, onde \u2013 mesmo nestas horas \u2013 mais sangue foi derramado e muitas pessoas se encontram injustamente subtra\u00eddas aos seus entes queridos e mantidas ref\u00e9ns ou massacradas. Invoco paz tamb\u00e9m para outras partes do continente africano. Penso de modo particular na L\u00edbia, no Sud\u00e3o do Sul, na Rep\u00fablica Centro-Africana e nas v\u00e1rias regi\u00f5es da Rep\u00fablica Democr\u00e1tica do Congo; e pe\u00e7o a quantos t\u00eam responsabilidades pol\u00edticas que se empenhem, atrav\u00e9s do di\u00e1logo, a superar os contrastes e construir uma conviv\u00eancia fraterna duradoura.<\/p>\n<p style=\"text-align: justify\">Jesus salve as in\u00fameras crian\u00e7as v\u00edtimas de viol\u00eancia, feitas objeto de com\u00e9rcio il\u00edcito e tr\u00e1fico de pessoas, ou for\u00e7adas a tornar-se soldados; crian\u00e7as, tantas crian\u00e7as v\u00edtimas de abuso. D\u00ea conforto \u00e0s fam\u00edlias das crian\u00e7as que, na semana passada, foram assassinadas no Paquist\u00e3o. Acompanhe todos os que sofrem pelas doen\u00e7as, especialmente as v\u00edtimas da epidemia de \u00e9bola, sobretudo na Lib\u00e9ria, Serra Leoa e Guin\u00e9. Ao mesmo tempo que do \u00edntimo do cora\u00e7\u00e3o agrade\u00e7o \u00e0queles que est\u00e3o trabalhando corajosamente para assistir os doentes e os seus familiares, renovo um premente apelo a que sejam garantidas a assist\u00eancia e as terapias necess\u00e1rias.<\/p>\n<p style=\"text-align: justify\">Jesus Menino. Penso em todas as crian\u00e7as assassinadas e maltratadas hoje, seja naquelas que o s\u00e3o antes de ver a luz, privadas do amor generoso dos seus pais e sepultadas no ego\u00edsmo de uma cultura que n\u00e3o ama a vida; seja nas crian\u00e7as desalojadas devido \u00e0s guerras e persegui\u00e7\u00f5es, abusadas e exploradas sob os nossos olhos e o nosso sil\u00eancio c\u00famplice; seja ainda nas crian\u00e7as massacradas nos bombardeamentos, inclusive onde o Filho de Deus nasceu. Ainda hoje o seu sil\u00eancio impotente grita sob a espada de tantos Herodes. Sobre o seu sangue, estende-se hoje a sombra dos Herodes do nosso tempo. Verdadeiramente h\u00e1 tantas l\u00e1grimas neste Natal que se juntam \u00e0s l\u00e1grimas de Jesus Menino!<\/p>\n<p style=\"text-align: justify\">Queridos irm\u00e3os e irm\u00e3s, que hoje o Esp\u00edrito Santo ilumine os nossos cora\u00e7\u00f5es, para podermos reconhecer no Menino Jesus, nascido em Bel\u00e9m da Virgem Maria, a salva\u00e7\u00e3o oferecida por Deus a cada um de n\u00f3s, a todo o ser humano e a todos os povos da terra. Que o poder de Cristo, que \u00e9 liberta\u00e7\u00e3o e servi\u00e7o, se fa\u00e7a sentir a tantos cora\u00e7\u00f5es que sofrem guerras, persegui\u00e7\u00f5es, escravid\u00e3o. Que este poder divino tire, com a sua mansid\u00e3o, a dureza dos cora\u00e7\u00f5es de tantos homens e mulheres imersos no mundanismo e na indiferen\u00e7a, na globaliza\u00e7\u00e3o da indiferen\u00e7a. Que a sua for\u00e7a redentora transforme as armas em arados, a destrui\u00e7\u00e3o em criatividade, o \u00f3dio em amor e ternura. Assim poderemos dizer com alegria: \u00abOs nossos olhos viram a vossa salva\u00e7\u00e3o\u00bb.<\/p>\n<p style=\"text-align: justify\">Com estes pensamentos, a todos bom Natal!<\/p>\n<p style=\"text-align: justify\">\u00a0<\/p>\n<p style=\"text-align: justify\">\u00a0<\/p>\n","protected":false},"excerpt":{"rendered":"<p>Na tradicional mensagem Urbi et orbi, o papa Francisco chamou a aten\u00e7\u00e3o para os refugiados de todo o mundo. Pediu paz ao Oriente M\u00e9dio, \u00e0 Ucr\u00e2nia e aos pa\u00edses africanos que sofrem com os\u00a0 in\u00fameros conflitos. Lembrou ainda das crian\u00e7as v\u00edtimas de todo tipo de viol\u00eancia. \u201cQue o poder de Cristo, que \u00e9 liberta\u00e7\u00e3o e &hellip;<\/p>\n<p class=\"read-more\"> <a class=\"\" href=\"https:\/\/www.cnbb.org.br\/na-mensagem-urbi-et-orbi-papa-francisco-pede-pela-paz\/\"> <span class=\"screen-reader-text\">Papa pede pela paz e pelas crian\u00e7as v\u00edtimas da viol\u00eancia<\/span> Leia mais &raquo;<\/a><\/p>\n","protected":false},"author":83,"featured_media":27861,"comment_status":"open","ping_status":"open","sticky":false,"template":"","format":"standard","meta":{"site-sidebar-layout":"default","site-content-layout":"default","ast-global-header-display":"","ast-banner-title-visibility":"","ast-main-header-display":"","ast-hfb-above-header-display":"","ast-hfb-below-header-display":"","ast-hfb-mobile-header-display":"","site-post-title":"","ast-breadcrumbs-content":"","ast-featured-img":"","footer-sml-layout":"","theme-transparent-header-meta":"","adv-header-id-meta":"","stick-header-meta":"","header-above-stick-meta":"","header-main-stick-meta":"","header-below-stick-meta":""},"categories":[784],"tags":[],"acf":[],"_links":{"self":[{"href":"https:\/\/www.cnbb.org.br\/cnbb-app\/wp\/v2\/posts\/27860"}],"collection":[{"href":"https:\/\/www.cnbb.org.br\/cnbb-app\/wp\/v2\/posts"}],"about":[{"href":"https:\/\/www.cnbb.org.br\/cnbb-app\/wp\/v2\/types\/post"}],"author":[{"embeddable":true,"href":"https:\/\/www.cnbb.org.br\/cnbb-app\/wp\/v2\/users\/83"}],"replies":[{"embeddable":true,"href":"https:\/\/www.cnbb.org.br\/cnbb-app\/wp\/v2\/comments?post=27860"}],"version-history":[{"count":0,"href":"https:\/\/www.cnbb.org.br\/cnbb-app\/wp\/v2\/posts\/27860\/revisions"}],"wp:featuredmedia":[{"embeddable":true,"href":"https:\/\/www.cnbb.org.br\/cnbb-app\/wp\/v2\/media\/27861"}],"wp:attachment":[{"href":"https:\/\/www.cnbb.org.br\/cnbb-app\/wp\/v2\/media?parent=27860"}],"wp:term":[{"taxonomy":"category","embeddable":true,"href":"https:\/\/www.cnbb.org.br\/cnbb-app\/wp\/v2\/categories?post=27860"},{"taxonomy":"post_tag","embeddable":true,"href":"https:\/\/www.cnbb.org.br\/cnbb-app\/wp\/v2\/tags?post=27860"}],"curies":[{"name":"wp","href":"https:\/\/api.w.org\/{rel}","templated":true}]}}