{"id":27881,"date":"2015-01-15T00:00:00","date_gmt":"2015-01-15T02:00:00","guid":{"rendered":"https:\/\/www.cnbb.org.br\/papa-francisco-chega-as-filipinas-com-mensagem-de-esperanca\/"},"modified":"2015-01-15T00:00:00","modified_gmt":"2015-01-15T02:00:00","slug":"papa-francisco-chega-as-filipinas-com-mensagem-de-esperanca","status":"publish","type":"post","link":"https:\/\/www.cnbb.org.br\/papa-francisco-chega-as-filipinas-com-mensagem-de-esperanca\/","title":{"rendered":"Papa Francisco chega \u00e0s Filipinas com mensagem de esperan\u00e7a"},"content":{"rendered":"<p style=\"text-align: justify\"><span style=\"line-height: 1.3em\">Centenas de jovens receberam o papa Francisco na Base A\u00e9rea Villamor, em Manila, capital das Filipinas, \u00e0s 17h45 (hor\u00e1rio local), de hoje, 15. Com dan\u00e7as e coreografias, a multid\u00e3o cantou em alta voz, \u201cBem-Vindo papa Francisco\u201d.<\/span><\/p>\n<p>  <!--more-->  <\/p>\n<p style=\"text-align: justify\"><span style=\"line-height: 1.3em\">Ap\u00f3s desembarcar do avi\u00e3o e ser acolhido pelo <\/span><em style=\"line-height: 1.3em\">presidente das Filipinas<\/em><span style=\"line-height: 1.3em\">, Benigno Aquino, Francisco cumprimentou cardeais e bispos do pa\u00eds. J\u00e1 no in\u00edcio da noite, no papam\u00f3vel, percorreu breve trajeto pelas ruas de Manila, saudando os fi\u00e9is que o aguardavam. Esta \u00e9 a 7\u00aa viagem internacional do pontificado de Francisco.<\/span><\/p>\n<p style=\"text-align: justify\">Ap\u00f3s visita ao Sri Lanka, o pont\u00edfice chega ao terceiro maior pa\u00eds do mundo, depois do Brasil e do M\u00e9xico. As Filipinas contam com cerca de 100 milh\u00f5es de cat\u00f3licos, representado quase a metade do total da popula\u00e7\u00e3o da \u00c1sia.<\/p>\n<p style=\"text-align: justify\"><img decoding=\"async\" loading=\"lazy\" class=\" alignright size-full wp-image-24525\" src=\"https:\/\/www.cnbb.org.br\/wp-content\/uploads\/2020\/03\/papafrancisoF.jpg\" border=\"0\" width=\"230\" height=\"218\" style=\"float: right\" \/>O papa Francisco quer deixar uma mensagem de esperan\u00e7a e solidariedade aos filipinos. Na programa\u00e7\u00e3o de atividade nas Filipinas, est\u00e1 previsto para amanh\u00e3, 16, encontro com as fam\u00edlias de Manila. Francisco visitar\u00e1 as zonas atingidas pelo tuf\u00e3o Haiyan e celebrar\u00e1 missa em Tacloban. Na regi\u00e3o de Palo, almo\u00e7ar\u00e1 com sobreviventes do tuf\u00e3o e aben\u00e7oar\u00e1 o \u201cCentro Papa Francisco\u201d dedicado aos pobres, constru\u00eddo com contribui\u00e7\u00f5es do Conselho Pontif\u00edcio Cor Unum.<\/p>\n<p style=\"text-align: justify\">No domingo, 18, Francisco se encontrar\u00e1 com l\u00edderes religiosos locais e com jovens, para recordar os 20 anos da Jornada Mundial da Juventude, com Jo\u00e3o Paulo II, que reuniu 4 milh\u00f5es de pessoas. Celebrar\u00e1, ainda, missa na catedral \u201cdel Santo Ni\u00f1o\u201d, na capital filipina. O para Francisco retornar\u00e1 a Roma na segunda-feira, 19. \u00a0<\/p>\n<p style=\"text-align: justify\"><em>CNBB com informa\u00e7\u00f5es do News.va e foto da R\u00e1dio Vaticano.<\/em><\/p>\n","protected":false},"excerpt":{"rendered":"<p>Centenas de jovens receberam o papa Francisco na Base A\u00e9rea Villamor, em Manila, capital das Filipinas, \u00e0s 17h45 (hor\u00e1rio local), de hoje, 15. Com dan\u00e7as e coreografias, a multid\u00e3o cantou em alta voz, \u201cBem-Vindo papa Francisco\u201d.<\/p>\n","protected":false},"author":83,"featured_media":27882,"comment_status":"open","ping_status":"open","sticky":false,"template":"","format":"standard","meta":{"site-sidebar-layout":"default","site-content-layout":"default","ast-global-header-display":"","ast-banner-title-visibility":"","ast-main-header-display":"","ast-hfb-above-header-display":"","ast-hfb-below-header-display":"","ast-hfb-mobile-header-display":"","site-post-title":"","ast-breadcrumbs-content":"","ast-featured-img":"","footer-sml-layout":"","theme-transparent-header-meta":"","adv-header-id-meta":"","stick-header-meta":"","header-above-stick-meta":"","header-main-stick-meta":"","header-below-stick-meta":""},"categories":[784],"tags":[],"acf":[],"_links":{"self":[{"href":"https:\/\/www.cnbb.org.br\/cnbb-app\/wp\/v2\/posts\/27881"}],"collection":[{"href":"https:\/\/www.cnbb.org.br\/cnbb-app\/wp\/v2\/posts"}],"about":[{"href":"https:\/\/www.cnbb.org.br\/cnbb-app\/wp\/v2\/types\/post"}],"author":[{"embeddable":true,"href":"https:\/\/www.cnbb.org.br\/cnbb-app\/wp\/v2\/users\/83"}],"replies":[{"embeddable":true,"href":"https:\/\/www.cnbb.org.br\/cnbb-app\/wp\/v2\/comments?post=27881"}],"version-history":[{"count":0,"href":"https:\/\/www.cnbb.org.br\/cnbb-app\/wp\/v2\/posts\/27881\/revisions"}],"wp:featuredmedia":[{"embeddable":true,"href":"https:\/\/www.cnbb.org.br\/cnbb-app\/wp\/v2\/media\/27882"}],"wp:attachment":[{"href":"https:\/\/www.cnbb.org.br\/cnbb-app\/wp\/v2\/media?parent=27881"}],"wp:term":[{"taxonomy":"category","embeddable":true,"href":"https:\/\/www.cnbb.org.br\/cnbb-app\/wp\/v2\/categories?post=27881"},{"taxonomy":"post_tag","embeddable":true,"href":"https:\/\/www.cnbb.org.br\/cnbb-app\/wp\/v2\/tags?post=27881"}],"curies":[{"name":"wp","href":"https:\/\/api.w.org\/{rel}","templated":true}]}}