{"id":27958,"date":"2009-06-15T00:00:00","date_gmt":"2009-06-15T03:00:00","guid":{"rendered":"https:\/\/www.cnbb.org.br\/mensagem-do-papa-bento-xvi-aos-presbiteros-3\/"},"modified":"2009-06-15T00:00:00","modified_gmt":"2009-06-15T03:00:00","slug":"mensagem-do-papa-bento-xvi-aos-presbiteros-3","status":"publish","type":"post","link":"https:\/\/www.cnbb.org.br\/mensagem-do-papa-bento-xvi-aos-presbiteros-3\/","title":{"rendered":"Mensagem do Papa Bento XVI aos presb\u00edteros"},"content":{"rendered":"<p style=\"text-align: right\"><em>Mensagem do Papa Bento XVI aos presb\u00edteros durante sua homilia na Solenidade do Sant\u00edssimo Corpo e Sangue de Cristo<\/em><\/p>\n<p style=\"text-align: right\"><em>(Missa celebrada na Bas\u00edlica de S\u00e3o Jo\u00e3o de Latr\u00e3o, dia 11 de junho de 2009) <\/em><\/p>\n<p style=\"text-align: justify\">Fa\u00e7o um apelo especial a v\u00f3s, queridos sacerdotes, a quem Cristo escolheu, para que junto dele possam viver a vossa vida como sacrif\u00edcio de louvor para a salva\u00e7\u00e3o do mundo. S\u00f3 a partir da uni\u00e3o com Jesus pode-se ter aquela fecundidade espiritual que \u00e9 fonte de esperan\u00e7a em seu minist\u00e9rio pastoral. Recorda S\u00e3o Le\u00e3o Magno que &#8220;a nossa participa\u00e7\u00e3o no corpo e sangue de Cristo n\u00e3o tende a nada mais que nos transformar naquilo que recebemos&#8221; (Serm\u00e3o 12, De Passione 3\/7, PL 54).<\/p>\n<p>  <!--more-->  <\/p>\n<p style=\"text-align: justify\">Se isto \u00e9 verdade para cada crist\u00e3o, \u00e9 ainda mais para n\u00f3s sacerdotes. Ser Eucaristia! Seja este o nosso desejo e esfor\u00e7o constante, para que a oferta do corpo e sangue do Senhor que fazemos sobre o altar esteja acompanhada do sacrif\u00edcio das nossas vidas. Todos os dias, cultivemos pelo Corpo e Sangue do Senhor aquele amor livre e puro que nos faz dignos ministros de Cristo e testemunhas da sua alegria. \u00c9 aquilo que os fi\u00e9is esperam de um padre: o exemplo de que \u00e9 uma verdadeira devo\u00e7\u00e3o \u00e0 Eucaristia; o amor que se v\u00ea ao passar longos momentos de sil\u00eancio e de adora\u00e7\u00e3o diante de Jesus, como fazia o Santo Cura d&#8217;Ars, que ser\u00e1 lembrado de modo especial durante o Ano Sacerdotal.<\/p>\n<p style=\"text-align: justify\">S\u00e3o Jo\u00e3o Maria Vianney gostava de dizer aos seus paroquianos: &#8220;Venham para a comunh\u00e3o&#8230; \u00c9 verdade que n\u00e3o somos dignos, mas precisamos&#8221; (Bernard Nodet, Le Cur\u00e9 d&#8217;Ars. Sa pens\u00e9e &#8211; Filho coeur, \u00e9d. Mappus Xavier, Paris 1995, p. 119). Com a consci\u00eancia da inadequa\u00e7\u00e3o por causa dos pecados, mas com a necessidade de nutrir-nos do amor que o Senhor oferece no sacramento eucar\u00edstico, renovamos esta noite nossa f\u00e9 na presen\u00e7a real de Cristo na Eucaristia. N\u00e3o se deve ter como um dado adquirido esta f\u00e9! H\u00e1 hoje o risco de uma seculariza\u00e7\u00e3o intr\u00ednseca na Igreja, que se pode traduzir em um culto eucar\u00edstico formal e vazio, em celebra\u00e7\u00f5es destitu\u00eddas daquela participa\u00e7\u00e3o do cora\u00e7\u00e3o que se exprime na venera\u00e7\u00e3o e no respeito pela liturgia. \u00c9 sempre forte a tenta\u00e7\u00e3o de reduzir a ora\u00e7\u00e3o a momentos superficiais e apressados, deixando-se submergir pelas atividades e preocupa\u00e7\u00f5es terrenas. Quando em breve recitarmos o Pai Nosso, a ora\u00e7\u00e3o por excel\u00eancia, vamos dizer: &#8220;O p\u00e3o nosso de cada dia nos dai hoje&#8221;, a pensar, naturalmente, no p\u00e3o de cada dia. Esta quest\u00e3o cont\u00e9m, no entanto, algo mais profundo. O termo grego epio\u00fasios, que traduzimos como &#8220;quotidiano&#8221;, poderia tamb\u00e9m aludir ao p\u00e3o &#8220;supra-substancial&#8221;, o p\u00e3o &#8220;do mundo a advir&#8221;. Alguns Padres da Igreja viram aqui uma refer\u00eancia \u00e0 Eucaristia, o p\u00e3o da vida eterna que \u00e9 dado na Santa Missa, a fim de que desde agora o mundo futuro comece em n\u00f3s. Com a Eucaristia, portanto, o c\u00e9u vem sobre a terra, o advir de Deus ergue-se no presente e o tempo \u00e9 abra\u00e7ado pela eternidade divina.<\/p>\n<p style=\"text-align: justify\">Queridos irm\u00e3os e irm\u00e3s, como todos os anos, no final da Santa Missa, teremos a tradicional prociss\u00e3o eucar\u00edstica e elevaremos, com ora\u00e7\u00f5es e cantos, um coro de implora\u00e7\u00e3o ao Senhor presente na h\u00f3stia consagrada. Diremos a Ele em nome de toda cidade: permanece conosco, Jesus, concede a n\u00f3s o dom de ti e nos d\u00ea o p\u00e3o que nos alimenta para a vida eterna! Liberte este mundo do veneno do mal, da viol\u00eancia e do \u00f3dio que polui as mentes, purifica-o com a for\u00e7a do seu amor misericordioso. E a ti, Maria, que se fez mulher &#8220;eucar\u00edstica&#8221; em sua vida, ajuda-nos a caminhar juntos rumo \u00e0 meta do c\u00e9u, alimentados pelo Corpo e Sangue de Cristo, p\u00e3o da vida eterna e rem\u00e9dio da imortalidade divina. Am\u00e9m!<\/p>\n<p style=\"text-align: right\">[Traduzido do original italiano por Zenit]<\/p>\n","protected":false},"excerpt":{"rendered":"<p>Mensagem do Papa Bento XVI aos presb\u00edteros durante sua homilia na Solenidade do Sant\u00edssimo Corpo e Sangue de Cristo (Missa celebrada na Bas\u00edlica de S\u00e3o Jo\u00e3o de Latr\u00e3o, dia 11 de junho de 2009) Fa\u00e7o um apelo especial a v\u00f3s, queridos sacerdotes, a quem Cristo escolheu, para que junto dele possam viver a vossa vida &hellip;<\/p>\n<p class=\"read-more\"> <a class=\"\" href=\"https:\/\/www.cnbb.org.br\/mensagem-do-papa-bento-xvi-aos-presbiteros-3\/\"> <span class=\"screen-reader-text\">Mensagem do Papa Bento XVI aos presb\u00edteros<\/span> Leia mais &raquo;<\/a><\/p>\n","protected":false},"author":83,"featured_media":0,"comment_status":"open","ping_status":"open","sticky":false,"template":"","format":"standard","meta":{"site-sidebar-layout":"default","site-content-layout":"default","ast-global-header-display":"","ast-banner-title-visibility":"","ast-main-header-display":"","ast-hfb-above-header-display":"","ast-hfb-below-header-display":"","ast-hfb-mobile-header-display":"","site-post-title":"","ast-breadcrumbs-content":"","ast-featured-img":"","footer-sml-layout":"","theme-transparent-header-meta":"","adv-header-id-meta":"","stick-header-meta":"","header-above-stick-meta":"","header-main-stick-meta":"","header-below-stick-meta":""},"categories":[784],"tags":[],"acf":[],"_links":{"self":[{"href":"https:\/\/www.cnbb.org.br\/cnbb-app\/wp\/v2\/posts\/27958"}],"collection":[{"href":"https:\/\/www.cnbb.org.br\/cnbb-app\/wp\/v2\/posts"}],"about":[{"href":"https:\/\/www.cnbb.org.br\/cnbb-app\/wp\/v2\/types\/post"}],"author":[{"embeddable":true,"href":"https:\/\/www.cnbb.org.br\/cnbb-app\/wp\/v2\/users\/83"}],"replies":[{"embeddable":true,"href":"https:\/\/www.cnbb.org.br\/cnbb-app\/wp\/v2\/comments?post=27958"}],"version-history":[{"count":0,"href":"https:\/\/www.cnbb.org.br\/cnbb-app\/wp\/v2\/posts\/27958\/revisions"}],"wp:attachment":[{"href":"https:\/\/www.cnbb.org.br\/cnbb-app\/wp\/v2\/media?parent=27958"}],"wp:term":[{"taxonomy":"category","embeddable":true,"href":"https:\/\/www.cnbb.org.br\/cnbb-app\/wp\/v2\/categories?post=27958"},{"taxonomy":"post_tag","embeddable":true,"href":"https:\/\/www.cnbb.org.br\/cnbb-app\/wp\/v2\/tags?post=27958"}],"curies":[{"name":"wp","href":"https:\/\/api.w.org\/{rel}","templated":true}]}}