{"id":27961,"date":"2008-10-06T00:00:00","date_gmt":"2008-10-06T03:00:00","guid":{"rendered":"https:\/\/www.cnbb.org.br\/nossos-representantes-no-sinodo-dos-bispos-3\/"},"modified":"2008-10-06T00:00:00","modified_gmt":"2008-10-06T03:00:00","slug":"nossos-representantes-no-sinodo-dos-bispos-3","status":"publish","type":"post","link":"https:\/\/www.cnbb.org.br\/nossos-representantes-no-sinodo-dos-bispos-3\/","title":{"rendered":"Nossos representantes no S\u00ednodo dos Bispos"},"content":{"rendered":"<h4>Eleitos pela Assembl\u00e9ia dos Bispos em abril:<\/h4>\n<ul>\n<li>Dom Geraldo Lyrio Rocha (Arcebispo de Mariana-MG e presidente da CNBB)<\/li>\n<li>Dom Eug\u00eanio Rixen (Bispo de Goi\u00e1s-GO e presidente da Comiss\u00e3o Episcopal Pastoral para a Anima\u00e7\u00e3o B\u00edblico-Catequ\u00e9tica)<\/li>\n<li>Dom Joviano de Lima J\u00fanior (Arcebispo de Ribeir\u00e3o Preto-SP e presidente da Comiss\u00e3o Episcopal Pastoral para a Liturgia)<\/li>\n<li>Dom Walmor de Oliveira Azevedo (Arcebispo de Belo Horizonte e presidente da Comiss\u00e3o Episcopal Pastoral para a Doutrina da F\u00e9)<\/li>\n<\/ul>\n<p><!--more--><\/p>\n<h4 style=\"text-align: justify\">Bispos convidados pelo Papa:<\/h4>\n<ul>\n<li>Dom Odilo Pedro Scherer (Cardeal-Arcebispo de S\u00e3o Paulo-SP)<\/li>\n<li>Dom Raymundo Damasceno Assis (Arcebispo de Aparecida-SP e presidente do Conselho Episcopal Latino-Americano [CELAM]<\/li>\n<li>Dom Filipe Santoro (Bispo de Petr\u00f3polis-RJ)<\/li>\n<\/ul>\n<h4 style=\"text-align: justify\">Especialistas:<\/h4>\n<ul>\n<li>Pe. Johan Konings, sj (escritor, professor na Faculdade Jesu\u00edta em Belo Horizonte-MG)<\/li>\n<li>Pe. Lu\u00eds Henrique da Silva (coordenador da tradu\u00e7\u00e3o da B\u00edblia da CNBB)<\/li>\n<\/ul>\n<h4 style=\"text-align: justify\">Auditores:<\/h4>\n<ul>\n<li>Moys\u00e9s Lauro de Azevedo Filho (fundador da Comunidade Shalom em Fortaleza-CE)<\/li>\n<li>Pe. Ari Lu\u00eds do Valle Ribeiro (padre da diocese de Santo Amaro-SP)<\/li>\n<\/ul>\n","protected":false},"excerpt":{"rendered":"<p>Eleitos pela Assembl\u00e9ia dos Bispos em abril: Dom Geraldo Lyrio Rocha (Arcebispo de Mariana-MG e presidente da CNBB) Dom Eug\u00eanio Rixen (Bispo de Goi\u00e1s-GO e presidente da Comiss\u00e3o Episcopal Pastoral para a Anima\u00e7\u00e3o B\u00edblico-Catequ\u00e9tica) Dom Joviano de Lima J\u00fanior (Arcebispo de Ribeir\u00e3o Preto-SP e presidente da Comiss\u00e3o Episcopal Pastoral para a Liturgia) Dom Walmor de &hellip;<\/p>\n<p class=\"read-more\"> <a class=\"\" href=\"https:\/\/www.cnbb.org.br\/nossos-representantes-no-sinodo-dos-bispos-3\/\"> <span class=\"screen-reader-text\">Nossos representantes no S\u00ednodo dos Bispos<\/span> Leia mais &raquo;<\/a><\/p>\n","protected":false},"author":83,"featured_media":0,"comment_status":"open","ping_status":"open","sticky":false,"template":"","format":"standard","meta":{"site-sidebar-layout":"default","site-content-layout":"default","ast-global-header-display":"","ast-banner-title-visibility":"","ast-main-header-display":"","ast-hfb-above-header-display":"","ast-hfb-below-header-display":"","ast-hfb-mobile-header-display":"","site-post-title":"","ast-breadcrumbs-content":"","ast-featured-img":"","footer-sml-layout":"","theme-transparent-header-meta":"","adv-header-id-meta":"","stick-header-meta":"","header-above-stick-meta":"","header-main-stick-meta":"","header-below-stick-meta":""},"categories":[784],"tags":[],"acf":[],"_links":{"self":[{"href":"https:\/\/www.cnbb.org.br\/cnbb-app\/wp\/v2\/posts\/27961"}],"collection":[{"href":"https:\/\/www.cnbb.org.br\/cnbb-app\/wp\/v2\/posts"}],"about":[{"href":"https:\/\/www.cnbb.org.br\/cnbb-app\/wp\/v2\/types\/post"}],"author":[{"embeddable":true,"href":"https:\/\/www.cnbb.org.br\/cnbb-app\/wp\/v2\/users\/83"}],"replies":[{"embeddable":true,"href":"https:\/\/www.cnbb.org.br\/cnbb-app\/wp\/v2\/comments?post=27961"}],"version-history":[{"count":0,"href":"https:\/\/www.cnbb.org.br\/cnbb-app\/wp\/v2\/posts\/27961\/revisions"}],"wp:attachment":[{"href":"https:\/\/www.cnbb.org.br\/cnbb-app\/wp\/v2\/media?parent=27961"}],"wp:term":[{"taxonomy":"category","embeddable":true,"href":"https:\/\/www.cnbb.org.br\/cnbb-app\/wp\/v2\/categories?post=27961"},{"taxonomy":"post_tag","embeddable":true,"href":"https:\/\/www.cnbb.org.br\/cnbb-app\/wp\/v2\/tags?post=27961"}],"curies":[{"name":"wp","href":"https:\/\/api.w.org\/{rel}","templated":true}]}}