{"id":27981,"date":"2008-10-24T00:00:00","date_gmt":"2008-10-24T02:00:00","guid":{"rendered":"https:\/\/www.cnbb.org.br\/eleitos-os-membros-do-conselho-de-redacao-pos-sinodal-3\/"},"modified":"2008-10-24T00:00:00","modified_gmt":"2008-10-24T02:00:00","slug":"eleitos-os-membros-do-conselho-de-redacao-pos-sinodal-3","status":"publish","type":"post","link":"https:\/\/www.cnbb.org.br\/eleitos-os-membros-do-conselho-de-redacao-pos-sinodal-3\/","title":{"rendered":"Eleitos os membros do Conselho de Reda\u00e7\u00e3o p\u00f3s-sinodal"},"content":{"rendered":"<p style=\"text-align: justify\">Os 12 membros do Conselho de Reda\u00e7\u00e3o que auxiliar\u00e1 o papa na elabora\u00e7\u00e3o da exorta\u00e7\u00e3o apost\u00f3lica p\u00f3s-sinodal foram eleitos nesta quinta-feira, 23, pelos padres sinodais. S\u00e3o tr\u00eas pela \u00c1frica, tr\u00eas pela Am\u00e9rica, tr\u00eas pela \u00c1sia e Oceania e tr\u00eas pela Europa. Nenhum brasileiro est\u00e1 entre os escolhidos. Os membros do Conselho dar\u00e3o assist\u00eancia \u00e0 Secretaria Geral do S\u00ednodo, reunindo-se em Roma para avaliar os resultados do S\u00ednodo e a sua aplica\u00e7\u00e3o.<\/p>\n<p>  <!--more-->  <\/p>\n<p style=\"text-align: justify\">Pela \u00c1frica foram escolhidos o arcebispo de Cape Coast (Gana), cardeal Appiah Turkson; o prefeito da Congrega\u00e7\u00e3o para o Culto Divino e a Disciplina dos Sacramentos, cardeal Francis Arinze (Nig\u00e9ria); o arcebispo de Kinshasa (Congo), dom Laurent Monsengwo Pasinya.<\/p>\n<p style=\"text-align: justify\">Pela Am\u00e9rica, os bispos elegeram o arcebispo do Quebec (Canad\u00e1) e relator geral do S\u00ednodo, cardeal Marc Ouellet; o arcebispo de Tegucigalpa (Honduras), cardeal Oscar Rodr\u00edguez Maradiaga; o arcebispo de Chicago (EUA), cardeal Francis George.<\/p>\n<p style=\"text-align: justify\">Pela \u00c1sia e Oceania, os escolhidos foram o bispo de Hong Kong, cardeal Joseph Zen Ze-kiun; o arcebispo de Camberra (Austr\u00e1lia), dom Mark Coleridge, e o bispo de Imus (Filipinas), dom Luis Antonio Tagle.<\/p>\n<p style=\"text-align: justify\">Pela Europa foram eleitos o presidente do Conselho Pontif\u00edcio para a Promo\u00e7\u00e3o da Unidade dos Crist\u00e3os, cardeal Walter Kasper (Aleamanha); o presidente do Conselho Pontif\u00edcio para a Cultura, dom Gianfranco Ravasi (It\u00e1lia), e o arcebispo do Dublin (Irlanda), dom Diarmud Martin.<\/p>\n","protected":false},"excerpt":{"rendered":"<p>Os 12 membros do Conselho de Reda\u00e7\u00e3o que auxiliar\u00e1 o papa na elabora\u00e7\u00e3o da exorta\u00e7\u00e3o apost\u00f3lica p\u00f3s-sinodal foram eleitos nesta quinta-feira, 23, pelos padres sinodais. S\u00e3o tr\u00eas pela \u00c1frica, tr\u00eas pela Am\u00e9rica, tr\u00eas pela \u00c1sia e Oceania e tr\u00eas pela Europa. Nenhum brasileiro est\u00e1 entre os escolhidos. Os membros do Conselho dar\u00e3o assist\u00eancia \u00e0 Secretaria &hellip;<\/p>\n<p class=\"read-more\"> <a class=\"\" href=\"https:\/\/www.cnbb.org.br\/eleitos-os-membros-do-conselho-de-redacao-pos-sinodal-3\/\"> <span class=\"screen-reader-text\">Eleitos os membros do Conselho de Reda\u00e7\u00e3o p\u00f3s-sinodal<\/span> Leia mais &raquo;<\/a><\/p>\n","protected":false},"author":83,"featured_media":0,"comment_status":"open","ping_status":"open","sticky":false,"template":"","format":"standard","meta":{"site-sidebar-layout":"default","site-content-layout":"default","ast-global-header-display":"","ast-banner-title-visibility":"","ast-main-header-display":"","ast-hfb-above-header-display":"","ast-hfb-below-header-display":"","ast-hfb-mobile-header-display":"","site-post-title":"","ast-breadcrumbs-content":"","ast-featured-img":"","footer-sml-layout":"","theme-transparent-header-meta":"","adv-header-id-meta":"","stick-header-meta":"","header-above-stick-meta":"","header-main-stick-meta":"","header-below-stick-meta":""},"categories":[784],"tags":[],"acf":[],"_links":{"self":[{"href":"https:\/\/www.cnbb.org.br\/cnbb-app\/wp\/v2\/posts\/27981"}],"collection":[{"href":"https:\/\/www.cnbb.org.br\/cnbb-app\/wp\/v2\/posts"}],"about":[{"href":"https:\/\/www.cnbb.org.br\/cnbb-app\/wp\/v2\/types\/post"}],"author":[{"embeddable":true,"href":"https:\/\/www.cnbb.org.br\/cnbb-app\/wp\/v2\/users\/83"}],"replies":[{"embeddable":true,"href":"https:\/\/www.cnbb.org.br\/cnbb-app\/wp\/v2\/comments?post=27981"}],"version-history":[{"count":0,"href":"https:\/\/www.cnbb.org.br\/cnbb-app\/wp\/v2\/posts\/27981\/revisions"}],"wp:attachment":[{"href":"https:\/\/www.cnbb.org.br\/cnbb-app\/wp\/v2\/media?parent=27981"}],"wp:term":[{"taxonomy":"category","embeddable":true,"href":"https:\/\/www.cnbb.org.br\/cnbb-app\/wp\/v2\/categories?post=27981"},{"taxonomy":"post_tag","embeddable":true,"href":"https:\/\/www.cnbb.org.br\/cnbb-app\/wp\/v2\/tags?post=27981"}],"curies":[{"name":"wp","href":"https:\/\/api.w.org\/{rel}","templated":true}]}}