{"id":27992,"date":"2010-02-12T00:00:00","date_gmt":"2010-02-12T02:00:00","guid":{"rendered":"https:\/\/www.cnbb.org.br\/promulgado-o-acordo-brasil-e-santa-se-3\/"},"modified":"2010-02-12T00:00:00","modified_gmt":"2010-02-12T02:00:00","slug":"promulgado-o-acordo-brasil-e-santa-se-3","status":"publish","type":"post","link":"https:\/\/www.cnbb.org.br\/promulgado-o-acordo-brasil-e-santa-se-3\/","title":{"rendered":"Promulgado o acordo Brasil e Santa S\u00e9"},"content":{"rendered":"<p style=\"text-align: justify\">O presidente Luiz In\u00e1cio Lula da Silva assinou ontem, 11, a promulga\u00e7\u00e3o o acordo Brasil e Santa S\u00e9, que estabelece o Estatuto Jur\u00eddico da Igreja Cat\u00f3lica no Brasil. O ato do presidente foi divulgado na edi\u00e7\u00e3o desta sexta-feira, 12, no Di\u00e1rio Oficial da Uni\u00e3o.<\/p>\n<p><!--more--><\/p>\n<p style=\"text-align: justify\">Participaram do ato de assinatura o n\u00fancio apost\u00f3lico no Brasil, dom Lorenzo Baldisseri; o cardeal primaz do Brasil, dom Geraldo Majella Agnelo; o arcebispo em\u00e9rito de Bras\u00edlia, cardeal Jos\u00e9 Freire Falc\u00e3o; o arcebispo de Bras\u00edlia, dom Jo\u00e3o Braz de Aviz. Estavam presentes tamb\u00e9m a primeira dama, Marisa Let\u00edcia; o chefe de gabinete da Presid\u00eancia, Gilberto Carvalho.<\/p>\n<p style=\"text-align: justify\">\u201cCom este ato solene se conclui felizmente o processo deste hist\u00f3rico tratado internacional que constitui a reafirma\u00e7\u00e3o e a consolida\u00e7\u00e3o das rela\u00e7\u00f5es existentes entre o Brasil e a Santa S\u00e9 e a adequada e clara regulamenta\u00e7\u00e3o da significativa presen\u00e7a e contribui\u00e7\u00e3o da Igreja Cat\u00f3lica para o progresso, a harmonia e o bem comum da sociedade brasileira\u201d, disse o n\u00fancio, dom Lorenzo Baldisseiri.<\/p>\n<p style=\"text-align: justify\"><img decoding=\"async\" loading=\"lazy\" class=\" alignright size-full wp-image-2213\" style=\"float: right\" src=\"https:\/\/www.cnbb.org.br\/wp-content\/uploads\/2020\/03\/AssinaturaAcordo2.jpg\" alt=\"Promulga\u00e7\u00e3o do Acordo\" width=\"560\" height=\"374\" \/>\u201cO acordo \u00e9 um tratado internacional, reconhecido pela Constitui\u00e7\u00e3o Federal, e ajuda a entender a Igreja Cat\u00f3lica como de direito p\u00fablico\u201d, disse o cardeal Geraldo Majella Agnelo. Segundo o cardeal, todo o debate que ocorreu por ocasi\u00e3o da tramita\u00e7\u00e3o do acordo no Congresso Nacional, no ano passado, \u201cajudou o pa\u00eds a tomar conhecimento do sentido de um acordo\u201d.<\/p>\n<p>O acordo foi assinado pelo Brasil e a Santa S\u00e9 no dia 13 de novembro de 2008. Em 2009 ele foi discutido na C\u00e2mara, que o ratificou no dia 27 de agosto, e no Senado, que tamb\u00e9m o aprovou no dia 7 de outubro.<\/p>\n<div style=\"text-align: justify\">\n<p><span style=\"font-size: 10pt\"><strong><em>Fotos: Ricardo Stuckert\/PR<\/em><\/strong><\/span><\/p>\n<\/div>\n","protected":false},"excerpt":{"rendered":"<p>O presidente Luiz In\u00e1cio Lula da Silva assinou ontem, 11, a promulga\u00e7\u00e3o o acordo Brasil e Santa S\u00e9, que estabelece o Estatuto Jur\u00eddico da Igreja Cat\u00f3lica no Brasil. O ato do presidente foi divulgado na edi\u00e7\u00e3o desta sexta-feira, 12, no Di\u00e1rio Oficial da Uni\u00e3o.<\/p>\n","protected":false},"author":83,"featured_media":26451,"comment_status":"open","ping_status":"open","sticky":false,"template":"","format":"standard","meta":{"site-sidebar-layout":"default","site-content-layout":"default","ast-global-header-display":"","ast-banner-title-visibility":"","ast-main-header-display":"","ast-hfb-above-header-display":"","ast-hfb-below-header-display":"","ast-hfb-mobile-header-display":"","site-post-title":"","ast-breadcrumbs-content":"","ast-featured-img":"","footer-sml-layout":"","theme-transparent-header-meta":"","adv-header-id-meta":"","stick-header-meta":"","header-above-stick-meta":"","header-main-stick-meta":"","header-below-stick-meta":""},"categories":[784],"tags":[],"acf":[],"_links":{"self":[{"href":"https:\/\/www.cnbb.org.br\/cnbb-app\/wp\/v2\/posts\/27992"}],"collection":[{"href":"https:\/\/www.cnbb.org.br\/cnbb-app\/wp\/v2\/posts"}],"about":[{"href":"https:\/\/www.cnbb.org.br\/cnbb-app\/wp\/v2\/types\/post"}],"author":[{"embeddable":true,"href":"https:\/\/www.cnbb.org.br\/cnbb-app\/wp\/v2\/users\/83"}],"replies":[{"embeddable":true,"href":"https:\/\/www.cnbb.org.br\/cnbb-app\/wp\/v2\/comments?post=27992"}],"version-history":[{"count":0,"href":"https:\/\/www.cnbb.org.br\/cnbb-app\/wp\/v2\/posts\/27992\/revisions"}],"wp:featuredmedia":[{"embeddable":true,"href":"https:\/\/www.cnbb.org.br\/cnbb-app\/wp\/v2\/media\/26451"}],"wp:attachment":[{"href":"https:\/\/www.cnbb.org.br\/cnbb-app\/wp\/v2\/media?parent=27992"}],"wp:term":[{"taxonomy":"category","embeddable":true,"href":"https:\/\/www.cnbb.org.br\/cnbb-app\/wp\/v2\/categories?post=27992"},{"taxonomy":"post_tag","embeddable":true,"href":"https:\/\/www.cnbb.org.br\/cnbb-app\/wp\/v2\/tags?post=27992"}],"curies":[{"name":"wp","href":"https:\/\/api.w.org\/{rel}","templated":true}]}}