{"id":28002,"date":"2010-03-27T00:00:00","date_gmt":"2010-03-27T03:00:00","guid":{"rendered":"https:\/\/www.cnbb.org.br\/papa-envia-mensagem-aos-jovens-por-ocasiao-da-jmj-3\/"},"modified":"2010-03-27T00:00:00","modified_gmt":"2010-03-27T03:00:00","slug":"papa-envia-mensagem-aos-jovens-por-ocasiao-da-jmj-3","status":"publish","type":"post","link":"https:\/\/www.cnbb.org.br\/papa-envia-mensagem-aos-jovens-por-ocasiao-da-jmj-3\/","title":{"rendered":"Papa envia mensagem aos jovens por ocasi\u00e3o da JMJ"},"content":{"rendered":"<p style=\"text-align: justify\">&#8220;Bom Mestre, que devo fazer para alcan\u00e7ar a vida eterna?&#8221;. Este \u00e9 o tema da 25\u00aa Jornada Mundial da Juventude, que a Igreja celebra amanh\u00e3, 28, em todo o mundo. O tema \u00e9 escolhido pelo papa que escreve uma mensagem aos jovens neste dia que marca o inicio das comemora\u00e7\u00f5es da Semana Santa.<\/p>\n<p>  <!--more-->  <\/p>\n<p style=\"text-align: justify\">O papa exorta os jovens a ouvirem com aten\u00e7\u00e3o a voz de Deus que os chama e, assim, descobrir seu projeto de vida. \u201cPara descobrir o projeto de vida que vos pode tornar plenamente felizes, colocai-vos \u00e0 escuta de Deus, que tem um des\u00edgnio de amor sobre cada um de v\u00f3s\u201d, diz o papa aos jovens.<\/p>\n<p style=\"text-align: justify\">\u201cA exemplo de muitos disc\u00edpulos de Cristo, acolhei tamb\u00e9m v\u00f3s, queridos amigos, com alegria, o convite a seguir Jesus, para viverdes intensa e fecundamente neste mundo\u201d, exorta a mensagem.<\/p>\n<p style=\"text-align: justify\">\u201cNeste Ano Sacerdotal, gostaria de exortar os jovens e adolescentes a estarem atentos para ver se o Senhor os convida a um dom maior, no caminho do sacerd\u00f3cio ministerial, e a tornarem-se dispon\u00edveis para acolher com generosidade e entusiasmo este sinal de predile\u00e7\u00e3o especial, empreendendo, com a ajuda de um sacerdote, do diretor espiritual, o necess\u00e1rio caminho de discernimento. Depois, n\u00e3o tenhais medo, queridos jovens e queridas jovens, se o Senhor vos chamar \u00e0 vida religiosa, mon\u00e1stica, mission\u00e1ria ou de especial consagra\u00e7\u00e3o: Ele sabe dar alegria profunda a quem responde com coragem\u201d, escreve o papa.<\/p>\n<p style=\"text-align: justify\"><a href=\"http:\/\/cnbbjoomla.sitesparresia.com\/wp-content\/uploads\/sites\/85\/2010\/03\/MENSAGEM_DO_PAPA_BENTO_XVI.doc\" target=\"_blank\" rel=\"noopener\"><strong>Leia a mensagem do papa aqui<\/strong><\/a><\/p>\n","protected":false},"excerpt":{"rendered":"<p>&#8220;Bom Mestre, que devo fazer para alcan\u00e7ar a vida eterna?&#8221;. Este \u00e9 o tema da 25\u00aa Jornada Mundial da Juventude, que a Igreja celebra amanh\u00e3, 28, em todo o mundo. O tema \u00e9 escolhido pelo papa que escreve uma mensagem aos jovens neste dia que marca o inicio das comemora\u00e7\u00f5es da Semana Santa.<\/p>\n","protected":false},"author":83,"featured_media":0,"comment_status":"open","ping_status":"open","sticky":false,"template":"","format":"standard","meta":{"site-sidebar-layout":"default","site-content-layout":"default","ast-global-header-display":"","ast-banner-title-visibility":"","ast-main-header-display":"","ast-hfb-above-header-display":"","ast-hfb-below-header-display":"","ast-hfb-mobile-header-display":"","site-post-title":"","ast-breadcrumbs-content":"","ast-featured-img":"","footer-sml-layout":"","theme-transparent-header-meta":"","adv-header-id-meta":"","stick-header-meta":"","header-above-stick-meta":"","header-main-stick-meta":"","header-below-stick-meta":""},"categories":[784],"tags":[],"acf":[],"_links":{"self":[{"href":"https:\/\/www.cnbb.org.br\/cnbb-app\/wp\/v2\/posts\/28002"}],"collection":[{"href":"https:\/\/www.cnbb.org.br\/cnbb-app\/wp\/v2\/posts"}],"about":[{"href":"https:\/\/www.cnbb.org.br\/cnbb-app\/wp\/v2\/types\/post"}],"author":[{"embeddable":true,"href":"https:\/\/www.cnbb.org.br\/cnbb-app\/wp\/v2\/users\/83"}],"replies":[{"embeddable":true,"href":"https:\/\/www.cnbb.org.br\/cnbb-app\/wp\/v2\/comments?post=28002"}],"version-history":[{"count":0,"href":"https:\/\/www.cnbb.org.br\/cnbb-app\/wp\/v2\/posts\/28002\/revisions"}],"wp:attachment":[{"href":"https:\/\/www.cnbb.org.br\/cnbb-app\/wp\/v2\/media?parent=28002"}],"wp:term":[{"taxonomy":"category","embeddable":true,"href":"https:\/\/www.cnbb.org.br\/cnbb-app\/wp\/v2\/categories?post=28002"},{"taxonomy":"post_tag","embeddable":true,"href":"https:\/\/www.cnbb.org.br\/cnbb-app\/wp\/v2\/tags?post=28002"}],"curies":[{"name":"wp","href":"https:\/\/api.w.org\/{rel}","templated":true}]}}