{"id":28025,"date":"2010-04-30T00:00:00","date_gmt":"2010-04-30T03:00:00","guid":{"rendered":"https:\/\/www.cnbb.org.br\/voce-acredita-no-sudario-3\/"},"modified":"2010-04-30T00:00:00","modified_gmt":"2010-04-30T03:00:00","slug":"voce-acredita-no-sudario-3","status":"publish","type":"post","link":"https:\/\/www.cnbb.org.br\/voce-acredita-no-sudario-3\/","title":{"rendered":"Voc\u00ea acredita no Sud\u00e1rio?"},"content":{"rendered":"<p style=\"text-align: justify\">De 10 de abril a 23 de maio, em Turim, na It\u00e1lia, acontece mais uma exposi\u00e7\u00e3o p\u00fablica do Sud\u00e1rio, um len\u00e7ol de linho que muitos crist\u00e3os acreditam ter sido usado para cobrir o corpo de Jesus ap\u00f3s a sua morte, na sexta-feira santa. Entre o milh\u00e3o e meio de peregrinos que se inscreveram para venerar a rel\u00edquia, est\u00e1 tamb\u00e9m o Papa Bento XVI.<\/p>\n<p><!--more--><\/p>\n<p style=\"text-align: justify\">A autenticidade do Sud\u00e1rio vem sendo debatida h\u00e1 longo tempo. De acordo com algumas vers\u00f5es, ele foi trazido de Constantinopla para a Fran\u00e7a pelos Cruzados, em 1204. Ap\u00f3s permanecer em lugar incerto e desconhecido durante 150 anos, em 1353 foi localizado em Lirey. Em 1453, passou a ser propriedade do duque de Saboia, que o colocou numa igreja de Chamb\u00e9ry. Em 1578, seus sucessores o levaram para Turim \u2013 onde se encontra at\u00e9 hoje \u2013, para ir ao encontro do desejo de S\u00e3o Carlos Borromeu, que veio a p\u00e9, desde Mil\u00e3o, para agradecer a Deus pelo t\u00e9rmino da peste que devastara a diocese.<\/p>\n<p style=\"text-align: justify\">Os pesquisadores que o veem como uma das in\u00fameras falsifica\u00e7\u00f5es que aparecem aqui e acol\u00e1 ao longo da hist\u00f3ria da humanidade, nem sempre se apoiam em argumentos convincentes. \u00c9 o caso, por exemplo, de quem tentou descobrir nele a mortalha que envolveu os restos mortais de Jacques De Molay, Gr\u00e3o Mestre da Ordem dos Cavaleiros Templ\u00e1rios, queimado vivo por ordem do Rei Felipe, o Belo, no dia 18 de mar\u00e7o de 1314.<\/p>\n<p style=\"text-align: justify\">Apesar das d\u00favidas e resist\u00eancias, o Sud\u00e1rio continua a atrair a aten\u00e7\u00e3o e o interesse de um grande n\u00famero de historiadores, por seu valor cultural e cient\u00edfico, e de uma multid\u00e3o de crist\u00e3os, por seu significado hist\u00f3rico e espiritual. Para estes, a imagem desenhada no tecido sagrado \u00e9 uma prova a mais do que custou para Jesus \u201camar a humanidade at\u00e9 as \u00faltimas conseq\u00fc\u00eancias\u201d (Cf Jo 13,1).<\/p>\n<p style=\"text-align: justify\">Dentre as surpresas apresentadas pelo Sud\u00e1rio, a primeira \u00e9 impressionante: a figura que nele aparece \u00e9 invertida, como se fosse o negativo de uma fotografia. A descoberta aconteceu no dia 2 de junho de 1898, quando Secondo Pia obteve permiss\u00e3o para fotografar o len\u00e7ol. Apareceu-lhe, ent\u00e3o, em tra\u00e7os n\u00edtidos, o corpo inteiro, frente e dorso, de um homem flagelado e crucificado \u2013 algo simplesmente imposs\u00edvel de prever!<\/p>\n<p style=\"text-align: justify\">Outra novidade, verificada cientificamente em 1977, \u00e9 a tridimensionalidade da imagem. Desta forma, \u00e9 poss\u00edvel destacar a dist\u00e2ncia entre o tecido e as diversas partes do corpo nele reproduzido, o que n\u00e3o acontece numa fotografia comum. Por sua vez, as partes do corpo que n\u00e3o estiveram em contato direto com o pano, tamb\u00e9m se acham nele misteriosamente impressas.<br \/>\nA maior parte dos estudiosos que negam a autenticidade do Sud\u00e1rio o faz por julg\u00e1-lo obra de um artista medieval. Mas, se assim fosse, apesar de desconhecido, ele devia ser um g\u00eanio, por conseguir apresentar uma imagem ao avesso! Na verdade, no pano n\u00e3o foi detectada nenhuma rea\u00e7\u00e3o qu\u00edmica que demonstre um revestimento com mat\u00e9ria corante.<\/p>\n<p style=\"text-align: justify\">O len\u00e7ol mostra a imagem de um homem com os pulsos transpassados. Como se sabe, at\u00e9 poucos anos atr\u00e1s se acreditava que Jesus tivesse sido crucificado pelas palmas das m\u00e3os. \u00c9 o que demonstram quase todas as pinturas e imagens que retratam a crucifica\u00e7\u00e3o. Hoje, pelo contr\u00e1rio, se sabe que os condenados eram pregados na cruz pelos pulsos, o que causava uma contra\u00e7\u00e3o do polegar \u2013 exatamente como se v\u00ea no Sud\u00e1rio, que revela, nesse campo, um conhecimento anat\u00f4mico inexistente na Idade M\u00e9dia.<\/p>\n<p style=\"text-align: justify\">Para quem n\u00e3o tem maiores dificuldades em acreditar no Sud\u00e1rio, ele pode ser visto at\u00e9 mesmo como uma prova da ressurrei\u00e7\u00e3o de Jesus. Se alguns estudiosos n\u00e3o conseguem explicar a imagem nele desenhada, outros afirmam que ela, pela nitidez com que aparece no len\u00e7ol, s\u00f3 pode ser fruto da intensa luminosidade que se desprendeu do corpo glorioso de Jesus no momento da ressurrei\u00e7\u00e3o&#8230;<\/p>\n<p style=\"text-align: justify\">O que dizer, ent\u00e3o, do exame de Carbono 14, realizado em 1988, por alguns laborat\u00f3rios, \u201cdemonstrando\u201d a origem medieval do Sud\u00e1rio? Para Marcos Tosatti, autor do livro \u201cSegredos e Mist\u00e9rios do Santo Sud\u00e1rio de Jesus\u201d, publicado em 2009, \u00abo exame \u00e9 falho pela falta de homogeneidade das amostras. No peda\u00e7o de len\u00e7ol, pr\u00f3ximo ao ponto examinado, havia algod\u00e3o e uma subst\u00e2ncia resinosa, resultado de um remendo feito na Idade M\u00e9dia \u2013, o que contribuiu para alterar os dados\u00bb.<\/p>\n<p style=\"text-align: justify\">Em todo o caso, para o crist\u00e3o, mais importante do que descobrir se o Sud\u00e1rio envolveu ou n\u00e3o os restos mortais de Jesus, \u00e9 a certeza que n\u00e3o precisa \u00abprocurar entre os mortos Quem est\u00e1 vivo\u00bb (Jo 24,5).<\/p>\n<h4 style=\"text-align: right\">Dom Redovino Rizzardo<\/h4>\n","protected":false},"excerpt":{"rendered":"<p>De 10 de abril a 23 de maio, em Turim, na It\u00e1lia, acontece mais uma exposi\u00e7\u00e3o p\u00fablica do Sud\u00e1rio, um len\u00e7ol de linho que muitos crist\u00e3os acreditam ter sido usado para cobrir o corpo de Jesus ap\u00f3s a sua morte, na sexta-feira santa. Entre o milh\u00e3o e meio de peregrinos que se inscreveram para venerar &hellip;<\/p>\n<p class=\"read-more\"> <a class=\"\" href=\"https:\/\/www.cnbb.org.br\/voce-acredita-no-sudario-3\/\"> <span class=\"screen-reader-text\">Voc\u00ea acredita no Sud\u00e1rio?<\/span> Leia mais &raquo;<\/a><\/p>\n","protected":false},"author":83,"featured_media":0,"comment_status":"open","ping_status":"open","sticky":false,"template":"","format":"standard","meta":{"site-sidebar-layout":"default","site-content-layout":"default","ast-global-header-display":"","ast-banner-title-visibility":"","ast-main-header-display":"","ast-hfb-above-header-display":"","ast-hfb-below-header-display":"","ast-hfb-mobile-header-display":"","site-post-title":"","ast-breadcrumbs-content":"","ast-featured-img":"","footer-sml-layout":"","theme-transparent-header-meta":"","adv-header-id-meta":"","stick-header-meta":"","header-above-stick-meta":"","header-main-stick-meta":"","header-below-stick-meta":""},"categories":[784],"tags":[],"acf":[],"_links":{"self":[{"href":"https:\/\/www.cnbb.org.br\/cnbb-app\/wp\/v2\/posts\/28025"}],"collection":[{"href":"https:\/\/www.cnbb.org.br\/cnbb-app\/wp\/v2\/posts"}],"about":[{"href":"https:\/\/www.cnbb.org.br\/cnbb-app\/wp\/v2\/types\/post"}],"author":[{"embeddable":true,"href":"https:\/\/www.cnbb.org.br\/cnbb-app\/wp\/v2\/users\/83"}],"replies":[{"embeddable":true,"href":"https:\/\/www.cnbb.org.br\/cnbb-app\/wp\/v2\/comments?post=28025"}],"version-history":[{"count":0,"href":"https:\/\/www.cnbb.org.br\/cnbb-app\/wp\/v2\/posts\/28025\/revisions"}],"wp:attachment":[{"href":"https:\/\/www.cnbb.org.br\/cnbb-app\/wp\/v2\/media?parent=28025"}],"wp:term":[{"taxonomy":"category","embeddable":true,"href":"https:\/\/www.cnbb.org.br\/cnbb-app\/wp\/v2\/categories?post=28025"},{"taxonomy":"post_tag","embeddable":true,"href":"https:\/\/www.cnbb.org.br\/cnbb-app\/wp\/v2\/tags?post=28025"}],"curies":[{"name":"wp","href":"https:\/\/api.w.org\/{rel}","templated":true}]}}