{"id":28031,"date":"2009-01-05T00:00:00","date_gmt":"2009-01-05T02:00:00","guid":{"rendered":"https:\/\/www.cnbb.org.br\/combater-a-pobreza-construir-a-paz-ii-apresentando-a-mensagem-de-bento-xvi-3\/"},"modified":"2009-01-05T00:00:00","modified_gmt":"2009-01-05T02:00:00","slug":"combater-a-pobreza-construir-a-paz-ii-apresentando-a-mensagem-de-bento-xvi-3","status":"publish","type":"post","link":"https:\/\/www.cnbb.org.br\/combater-a-pobreza-construir-a-paz-ii-apresentando-a-mensagem-de-bento-xvi-3\/","title":{"rendered":"Combater a pobreza, construir a paz (II) (apresentando a mensagem de Bento XVI)"},"content":{"rendered":"<p style=\"text-align: justify\">Na mensagem do Santo Padre Bento XVI, para o dia mundial da paz, celebrado no dia primeiro de janeiro, ao propor caminhos para a supera\u00e7\u00e3o da pobreza, ele, como n\u00e3o poderia deixar de ser, colocou em primeiro plano a necessidade da justi\u00e7a, tendo com motiva\u00e7\u00e3o a solidariedade.\u201d Sem a m\u00edstica da solidariedade n\u00e3o \u00e9 poss\u00edvel ir \u00e0s ra\u00edzes mais profundas das injusti\u00e7as geradoras da pobreza. Assim: muitas \u201cmedidas det\u00eam-se frequentemente nas causas superficiais e instrumentais da pobreza, sem chegar \u00e0s que se abrigam no cora\u00e7\u00e3o humano, como a avidez e a estreiteza de horizontes\u201d. \u201cA luta contra a pobreza precisa de homens e mulheres que vivam profundamente a fraternidade e sejam capazes de acompanhar pessoas, fam\u00edlias e comunidades por percursos de aut\u00eantico progresso humano\u201d.<\/p>\n<p>  <!--more-->  <\/p>\n<p style=\"text-align: justify\">A luta contra a pobreza exige, no entender do santo Padre, uma globaliza\u00e7\u00e3o justa, com\u00e9rcio internacional justo, mercado financeiro justo, coopera\u00e7\u00e3o nos planos econ\u00f4mico e jur\u00eddico e participa\u00e7\u00e3o da sociedade civil.\u00a0\u00a0 Passo ao leitor algumas considera\u00e7\u00f5es do Santo Padre sobre as medidas propostas.<\/p>\n<div style=\"text-align: justify\">\n<ol>\n<li>Sobre a globaliza\u00e7\u00e3o justa: \u201cA globaliza\u00e7\u00e3o se apresenta com uma acentuada caracter\u00edstica de ambival\u00eancia\u201d. \u00c9 preciso \u201cter em conta primariamente as exig\u00eancias dos pobres da terra\u201d. \u00c9 necess\u00e1ria \u201cuma globaliza\u00e7\u00e3o que tenha em vista os interesses da grande fam\u00edlia humana\u201d. Ainda:\u00a0 \u201cUma forte solidariedade global\u00a0 entre pa\u00edses ricos e pa\u00edses pobres, como tamb\u00e9m no \u00e2mbito interno de cada uma das na\u00e7\u00f5es\u201d.Insiste na necessidade de um \u201cc\u00f3digo \u00e9tico comum\u201d, enraizado \u201cna lei natural inscrita pelo Criador na consci\u00eancia de todo o ser humano\u201d (cf. Rm 2, 14-15).\u00a0 \u201cA marginaliza\u00e7\u00e3o dos pobres da terra s\u00f3 pode encontrar v\u00e1lidos instrumentos de resgate na globaliza\u00e7\u00e3o, se cada homem se sentir pessoalmente atingido pelas injusti\u00e7as existentes no mundo e pelas viola\u00e7\u00f5es dos direitos humanos ligadas com elas\u201d.<\/li>\n<li>Sobre o com\u00e9rcio internacional justo: \u201cNo campo do com\u00e9rcio internacional e das transa\u00e7\u00f5es financeiras, temos hoje em a\u00e7\u00e3o processos que permitem integrar positivamente as economias\u201d.\u00a0 \u201cMas h\u00e1 tamb\u00e9m processos de sentido oposto, que dividem e marginalizam os povos, criando perigosas premissas para guerras e conflitos\u201d. H\u00e1 paises, sobretudo na \u00c1frica,\u201cem que a depend\u00eancia das exporta\u00e7\u00f5es de produtos prim\u00e1rios continua a constituir um poderoso fator de risco. Quero reiterar aqui um apelo para que todos os pa\u00edses tenham as mesmas possibilidades de acesso ao mercado mundial, evitando exclus\u00f5es e marginaliza\u00e7\u00f5es\u201d. <\/li>\n<li>Sobre o mercado financeiro justo: \u201cA fun\u00e7\u00e3o objetivamente mais importante do mercado financeiro, que \u00e9 a de sustentar a longo prazo a possibilidade de investimentos e consequentemente de desenvolvimento, aparece hoje muito fr\u00e1gil\u201d. \u201cA pr\u00f3pria crise recente demonstra como a atividade financeira seja \u00e0s vezes guiada por l\u00f3gicas puramente auto-referenciais e desprovidas de considera\u00e7\u00e3o pelo bem comum a longo prazo\u201d. \u201cUma atividade financeira confinada no breve e brev\u00edssimo prazo torna-se perigosa para todos, inclusive para quem consegue se beneficiar dela durante as fases de euforia financeira\u201d.<\/li>\n<li>Sobre a coopera\u00e7\u00e3o nos planos econ\u00f4mico e jur\u00eddico: \u00c9 preciso uma coopera\u00e7\u00e3o internacional para encontrar \u201csolu\u00e7\u00f5es coordenadas para enfrentar os referidos problemas atrav\u00e9s da realiza\u00e7\u00e3o de um quadro jur\u00eddico eficaz para a economia\u201d. No lugar do mero assistencialismo: \u201cinvestir na forma\u00e7\u00e3o das pessoas e desenvolver de forma integrada uma cultura espec\u00edfica da iniciativa parece ser atualmente o verdadeiro projeto a m\u00e9dio e longo prazo\u201d. \u201cBento XVI adverte: \u201cseja banida a ilus\u00e3o de que uma pol\u00edtica de pura redistribui\u00e7\u00e3o da riqueza existente possa resolver o problema de maneira definitiva. De fato, numa economia moderna, o valor da riqueza depende em medida determinante da capacidade de criar rendimento presente e futuro. Por isso, a cria\u00e7\u00e3o de valor surge como um elo imprescind\u00edvel, que se h\u00e1- de ter em conta se se quer lutar contra a pobreza material de modo eficaz e duradouro\u201d.<\/li>\n<li>Sobre a participa\u00e7\u00e3o da sociedade civil: \u201cColocar os pobres em primeiro lugar implica, finalmente, que se reserve espa\u00e7o adequado para uma correta l\u00f3gica econ\u00f4mica por parte dos agentes do mercado internacional, uma correta l\u00f3gica pol\u00edtica por parte dos agentes institucionais e uma correta l\u00f3gica participativa capaz de valorizar a sociedade civil local e internacional\u201d. O Papa insiste na \u201ccria\u00e7\u00e3o de positivas sinergias entre mercados, sociedade civil e Estados\u201d e acrescenta: \u201cparticularmente a sociedade civil assume um papel crucial em todo o processo de desenvolvimento, j\u00e1 que este \u00e9 essencialmente um fen\u00f4meno cultural e a cultura nasce e se desenvolve nos diversos \u00e2mbitos da vida civil\u201d. Mas para que a pobreza seja superada \u00e9 necess\u00e1ria uma cultura moldada pelo senso de justi\u00e7a e pela solidariedade.<\/li>\n<\/ol>\n<\/div>\n<h4 style=\"text-align: right\">Dom Eduardo Benes de Sales Rodrigues<\/h4>\n","protected":false},"excerpt":{"rendered":"<p>Na mensagem do Santo Padre Bento XVI, para o dia mundial da paz, celebrado no dia primeiro de janeiro, ao propor caminhos para a supera\u00e7\u00e3o da pobreza, ele, como n\u00e3o poderia deixar de ser, colocou em primeiro plano a necessidade da justi\u00e7a, tendo com motiva\u00e7\u00e3o a solidariedade.\u201d Sem a m\u00edstica da solidariedade n\u00e3o \u00e9 poss\u00edvel &hellip;<\/p>\n<p class=\"read-more\"> <a class=\"\" href=\"https:\/\/www.cnbb.org.br\/combater-a-pobreza-construir-a-paz-ii-apresentando-a-mensagem-de-bento-xvi-3\/\"> <span class=\"screen-reader-text\">Combater a pobreza, construir a paz (II) (apresentando a mensagem de Bento XVI)<\/span> Leia mais &raquo;<\/a><\/p>\n","protected":false},"author":83,"featured_media":0,"comment_status":"open","ping_status":"open","sticky":false,"template":"","format":"standard","meta":{"site-sidebar-layout":"default","site-content-layout":"default","ast-global-header-display":"","ast-banner-title-visibility":"","ast-main-header-display":"","ast-hfb-above-header-display":"","ast-hfb-below-header-display":"","ast-hfb-mobile-header-display":"","site-post-title":"","ast-breadcrumbs-content":"","ast-featured-img":"","footer-sml-layout":"","theme-transparent-header-meta":"","adv-header-id-meta":"","stick-header-meta":"","header-above-stick-meta":"","header-main-stick-meta":"","header-below-stick-meta":""},"categories":[784],"tags":[],"acf":[],"_links":{"self":[{"href":"https:\/\/www.cnbb.org.br\/cnbb-app\/wp\/v2\/posts\/28031"}],"collection":[{"href":"https:\/\/www.cnbb.org.br\/cnbb-app\/wp\/v2\/posts"}],"about":[{"href":"https:\/\/www.cnbb.org.br\/cnbb-app\/wp\/v2\/types\/post"}],"author":[{"embeddable":true,"href":"https:\/\/www.cnbb.org.br\/cnbb-app\/wp\/v2\/users\/83"}],"replies":[{"embeddable":true,"href":"https:\/\/www.cnbb.org.br\/cnbb-app\/wp\/v2\/comments?post=28031"}],"version-history":[{"count":0,"href":"https:\/\/www.cnbb.org.br\/cnbb-app\/wp\/v2\/posts\/28031\/revisions"}],"wp:attachment":[{"href":"https:\/\/www.cnbb.org.br\/cnbb-app\/wp\/v2\/media?parent=28031"}],"wp:term":[{"taxonomy":"category","embeddable":true,"href":"https:\/\/www.cnbb.org.br\/cnbb-app\/wp\/v2\/categories?post=28031"},{"taxonomy":"post_tag","embeddable":true,"href":"https:\/\/www.cnbb.org.br\/cnbb-app\/wp\/v2\/tags?post=28031"}],"curies":[{"name":"wp","href":"https:\/\/api.w.org\/{rel}","templated":true}]}}