{"id":28032,"date":"2010-05-18T00:00:00","date_gmt":"2010-05-18T03:00:00","guid":{"rendered":"https:\/\/www.cnbb.org.br\/roma-encontro-reune-800-superioras-gerais-de-todo-o-mundo-3\/"},"modified":"2010-05-18T00:00:00","modified_gmt":"2010-05-18T03:00:00","slug":"roma-encontro-reune-800-superioras-gerais-de-todo-o-mundo-3","status":"publish","type":"post","link":"https:\/\/www.cnbb.org.br\/roma-encontro-reune-800-superioras-gerais-de-todo-o-mundo-3\/","title":{"rendered":"Roma: Encontro re\u00fane 800 superioras gerais de todo o mundo"},"content":{"rendered":"<p style=\"text-align: justify\">Aconteceu em Roma, no Hotel Ergife, pr\u00f3ximo ao Col\u00e9gio Pio Brasileiro, entre os dias 7 e 11, a Assembleia Plen\u00e1ria Trienal da Uni\u00e3o Internacional das Superioras Gerais (UISG). A entidade foi fundada em 1965 com o objetivo de representar as 1900 congrega\u00e7\u00f5es de direito diocesano e pontif\u00edcio, com um n\u00famero total de 750 mil religiosas. O evento reuniu 800 superioras gerais representando 600 mil religiosas ao redor do mundo. A diversidade de l\u00ednguas, h\u00e1bitos, uniformes ou estilo de trajes testemunhava a beleza da universalidade da Igreja.<\/p>\n<p>  <!--more-->  <\/p>\n<p style=\"text-align: justify\">O encontro e as celebra\u00e7\u00f5es aconteceram no grande audit\u00f3rio do hotel, onde as irm\u00e3s foram distribu\u00eddas em n\u00famero de 10, nas mesas redondas segundo o idioma de origem. A assembleia foi dividida em confer\u00eancias, reflex\u00f5es em plen\u00e1rio e momentos de partilha nos pequenos grupos. No momento da abertura a presidente da UISG, Maureen Cusick, NDS, acolheu a todos e apresentou o tema da assembleia, que foi tirado de um pensamento de S\u00e3o Jo\u00e3o de Deus: \u201cConhe\u00e7o bem a fonte que jorra e corre, ainda que seja noite\u201d.<\/p>\n<p style=\"text-align: justify\">A primeira confer\u00eancia teve por tema \u201cM\u00edstica e profecia: um estilo de vida e novos are\u00f3pagos\u201d e foi apresentada pelo carmelita espanhol P. Ciro Gracia, inspirado na experi\u00eancia m\u00edstica de S\u00e3o Jo\u00e3o da Cruz. No momento de partilha as religiosas descreveram como noite a presente situa\u00e7\u00e3o do mundo, os desastres naturais, as situa\u00e7\u00f5es de viol\u00eancia e pobreza e o momento dif\u00edcil por que passa a Igreja. Algumas irm\u00e3s n\u00e3o deixaram de expressar que o processo de convers\u00e3o e di\u00e1logo faz-se necess\u00e1rio tamb\u00e9m ao interior da pr\u00f3pria Igreja. A brasileira, Irm\u00e3 Terezinha Rasera, Geral das Salvatorianas, que participou da Comiss\u00e3o Diretiva, nos \u00faltimos tr\u00eas anos definiu a experi\u00eancia como um \u201clugar de aprendizado\u201d onde se \u201cvivem m\u00faltiplas diferen\u00e7as\u201d. Ela apontou como parte importante no processo dos \u00faltimos anos a busca por \u201cmanter o di\u00e1logo aberto com a Congrega\u00e7\u00e3o para a Vida Religiosa\u201d. \u201cConseguimos quebrar barreiras e estabelecer di\u00e1logo\u201d, disse ela.<\/p>\n<p style=\"text-align: justify\">Durante uma das plen\u00e1rias, a Irm\u00e3 Liliane Sweko mencionou a situa\u00e7\u00e3o dram\u00e1tica dos assassinatos e viol\u00eancia praticados contra mulheres na \u00c1frica.\u00a0 E precisou o n\u00famero de irm\u00e3s mortas: \u201cSomente no ano de 2003 foram registrados 235 assassinatos de irm\u00e3s\u201d. &#8220;Mesmo que o mundo esteja sendo desfigurado pela viol\u00eancia, todos os tipos de terrorismo, guerras e conflitos, muitas vezes inflamados pelo poder e pelas multinacionais que buscam lucrar com estas situa\u00e7\u00f5es, a fim de explorar as riquezas dos pa\u00edses pobres e manter as pessoas dominadas e oprimidas, nossa f\u00e9 crist\u00e3 nos assegura que Deus est\u00e1 sempre presente neste mundo\u201d, reiterou a irm\u00e3.<\/p>\n<p style=\"text-align: justify\">A assembleia terminou com a Eucaristia de a\u00e7\u00e3o de gra\u00e7as animada por um coral de irm\u00e3s do Congo. O presidente da celebra\u00e7\u00e3o, o Filipino padre Antonio Pernia, Superior Geral dos Verbitas ressaltou que vivemos um tempo de transi\u00e7\u00e3o e que \u201c\u00e9 justamente neste tempo que nos vem o Esp\u00edrito Santo.<\/p>\n<p style=\"text-align: justify\">A irm\u00e3 Maria In\u00eas Vieira Ribeiro, Superiora Geral das Mensageiras do Amor Divino, que tem sua sede geral em Aparecida (SP), sentiu-se tocada pela \u201criqueza dos continentes e a realidade das culturas presentes\u201d. Perguntada sobre as noites que desafiam a vida religiosa no Brasil ela apontou \u201ca chaga da corrup\u00e7\u00e3o que reina no meio pol\u00edtico\u201d e as situa\u00e7\u00f5es de viol\u00eancia no meio urbano, que invadem tamb\u00e9m os meios rurais. \u201c\u00c9 triste constatar que a expans\u00e3o da droga faz com que o Brasil, um pa\u00eds jovem perca tantos jovens\u201d, afirmou ela.<\/p>\n<p style=\"text-align: justify\">A irm\u00e3 Tereza Valler, Geral das Catequistas Franciscanas, comenta que desta vez \u201ca assembleia teve uma din\u00e2mica diferenciada, com menos s\u00edmbolos e menos movimentos, mas tivemos mais partilha, mais sil\u00eancio e mais momentos de escuta, no sentido de captar aquilo que a Divina Sabedoria est\u00e1 nos indicando nestes tempos de noite escura\u201d.<\/p>\n<p style=\"text-align: justify\">Para a paraense, irm\u00e3 Jaci Dutra Pessoa, que no ano passado foi reeleita para um segundo sex\u00eanio como superiora geral das Irm\u00e3s de Santa Dorot\u00e9ia Frassinete, a assembleia \u201creanimou a esperan\u00e7a nos cora\u00e7\u00f5es\u201d. \u201c\u00c9 uma experi\u00eancia forte de universalidade, de sentir a for\u00e7a da vida religiosa no mundo. Dilata muito os nossos horizontes\u201d, conclui a irm\u00e3.<\/p>\n<p style=\"text-align: justify\"><strong>Nova Comiss\u00e3o Diretiva<\/strong><\/p>\n<p style=\"text-align: justify\"><img decoding=\"async\" loading=\"lazy\" class=\" alignleft size-full wp-image-4361\" style=\"float: left\" alt=\"DSC06153LoiriLazzaroto\" src=\"https:\/\/www.cnbb.org.br\/wp-content\/uploads\/2020\/03\/DSC06153LoiriLazzaroto.jpg\" width=\"348\" height=\"261\" \/>A Assembleia se concluiu com o trabalho dos dias 13 e 14, onde, entre outras atividades, o Conselho das Delegadas escolheu a nova Comiss\u00e3o Diretiva da UISG que ficou constitu\u00edda das seguintes irm\u00e3s: Mary Lou Wirtz (EUA \u2013 Presidente), Irm\u00e3s Franciscanas Filhas do Sagrado Cora\u00e7\u00e3o de Jesus e Maria; irm\u00e3 Soledad Galer\u00f3n (Espanha &#8211; Vice-Presidente), das Mission\u00e1rias Claretianas; irm\u00e3 Maria Theresia H\u00f6rnemann (Alem\u00e3), Mission\u00e1rias Servas do Esp\u00edrito Santo; irm\u00e3 Fel\u00edcia Harry (Gana), Irm\u00e3s de Nossa Senhora dos Ap\u00f3stolos; irm\u00e3 Am\u00e9lia Kawaji (Jap\u00e3o), Irm\u00e3s Merced\u00e1rias Mission\u00e1rias de Berriz; irm\u00e3 Loiri Lazzarotto (Brasil), Irm\u00e3s da Imaculada Concei\u00e7\u00e3o de Nossa Senhora de Lourdes; irm\u00e3 Louise Madore (Canad\u00e1), Irm\u00e3s Filhas da Sabedoria, irm\u00e3 Marian Moriarty (Irlanda), do Instituto da Beata Virgem Maria. Como substitutas ficaram as irm\u00e3s Beatriz Acosta (Col\u00f4mbia), da Ordem da Companhia de Maria e a irm\u00e3 Nuria Bay\u00f3 (Espanha), das Irm\u00e3s de Nossa Senhora da Imaculada Concei\u00e7\u00e3o de Castre. A irm\u00e3 Loiri Lazzaroto dar\u00e1 continuidade \u00e0 presen\u00e7a do Brasil com a sa\u00edda da irm\u00e3 Terezinha Rasera. A irm\u00e3 Loiri definiu a escolha como \u201cum grande desafio\u201d e promete realiz\u00e1-lo com \u201cgarra e alegria\u201d. \u201cEstou certa que ser\u00e1 uma grande escola e que aprenderei muito com o grupo\u201d, concluiu ela.<\/p>\n<p style=\"text-align: justify\"><strong>Presen\u00e7a Brasileira<\/strong><\/p>\n<p style=\"text-align: justify\">A presen\u00e7a das Superioras Gerais no cen\u00e1rio eclesial tem se tornado sempre mais significativa. Al\u00e9m disso, elas t\u00eam contribu\u00eddo para o aprofundamento e reflex\u00e3o do lugar da vida religiosa na igreja e no mundo. O Brasil contou com 71 Superioras presentes, das quais 40 residem em Roma. Cerca de 35 Gerais estiveram presentes na Assembleia.<\/p>\n","protected":false},"excerpt":{"rendered":"<p>Aconteceu em Roma, no Hotel Ergife, pr\u00f3ximo ao Col\u00e9gio Pio Brasileiro, entre os dias 7 e 11, a Assembleia Plen\u00e1ria Trienal da Uni\u00e3o Internacional das Superioras Gerais (UISG). A entidade foi fundada em 1965 com o objetivo de representar as 1900 congrega\u00e7\u00f5es de direito diocesano e pontif\u00edcio, com um n\u00famero total de 750 mil religiosas. &hellip;<\/p>\n<p class=\"read-more\"> <a class=\"\" href=\"https:\/\/www.cnbb.org.br\/roma-encontro-reune-800-superioras-gerais-de-todo-o-mundo-3\/\"> <span class=\"screen-reader-text\">Roma: Encontro re\u00fane 800 superioras gerais de todo o mundo<\/span> Leia mais &raquo;<\/a><\/p>\n","protected":false},"author":83,"featured_media":26512,"comment_status":"open","ping_status":"open","sticky":false,"template":"","format":"standard","meta":{"site-sidebar-layout":"default","site-content-layout":"default","ast-global-header-display":"","ast-banner-title-visibility":"","ast-main-header-display":"","ast-hfb-above-header-display":"","ast-hfb-below-header-display":"","ast-hfb-mobile-header-display":"","site-post-title":"","ast-breadcrumbs-content":"","ast-featured-img":"","footer-sml-layout":"","theme-transparent-header-meta":"","adv-header-id-meta":"","stick-header-meta":"","header-above-stick-meta":"","header-main-stick-meta":"","header-below-stick-meta":""},"categories":[784],"tags":[],"acf":[],"_links":{"self":[{"href":"https:\/\/www.cnbb.org.br\/cnbb-app\/wp\/v2\/posts\/28032"}],"collection":[{"href":"https:\/\/www.cnbb.org.br\/cnbb-app\/wp\/v2\/posts"}],"about":[{"href":"https:\/\/www.cnbb.org.br\/cnbb-app\/wp\/v2\/types\/post"}],"author":[{"embeddable":true,"href":"https:\/\/www.cnbb.org.br\/cnbb-app\/wp\/v2\/users\/83"}],"replies":[{"embeddable":true,"href":"https:\/\/www.cnbb.org.br\/cnbb-app\/wp\/v2\/comments?post=28032"}],"version-history":[{"count":0,"href":"https:\/\/www.cnbb.org.br\/cnbb-app\/wp\/v2\/posts\/28032\/revisions"}],"wp:featuredmedia":[{"embeddable":true,"href":"https:\/\/www.cnbb.org.br\/cnbb-app\/wp\/v2\/media\/26512"}],"wp:attachment":[{"href":"https:\/\/www.cnbb.org.br\/cnbb-app\/wp\/v2\/media?parent=28032"}],"wp:term":[{"taxonomy":"category","embeddable":true,"href":"https:\/\/www.cnbb.org.br\/cnbb-app\/wp\/v2\/categories?post=28032"},{"taxonomy":"post_tag","embeddable":true,"href":"https:\/\/www.cnbb.org.br\/cnbb-app\/wp\/v2\/tags?post=28032"}],"curies":[{"name":"wp","href":"https:\/\/api.w.org\/{rel}","templated":true}]}}