{"id":28037,"date":"2009-11-09T00:00:00","date_gmt":"2009-11-09T02:00:00","guid":{"rendered":"https:\/\/www.cnbb.org.br\/a-vida-e-efemera-transitoria-3\/"},"modified":"2009-11-09T00:00:00","modified_gmt":"2009-11-09T02:00:00","slug":"a-vida-e-efemera-transitoria-3","status":"publish","type":"post","link":"https:\/\/www.cnbb.org.br\/a-vida-e-efemera-transitoria-3\/","title":{"rendered":"A vida \u00e9 efem\u00eara, transit\u00f3ria!"},"content":{"rendered":"<p style=\"text-align: justify\">Em Roma, sempre ap\u00f3s a comemora\u00e7\u00e3o dos fi\u00e9is defuntos, o Santo Padre tem o apropriado costume de rezar uma Santa Missa em mem\u00f3ria dos Senhores Cardeais e bispos falecidos no \u00faltimo ano. \u00c9 um costume que deveria ser implantado em nossas Dioceses, como na vizinha Diocese da Campanha, quando na manh\u00e3 do \u00faltimo dia 03 de novembro, nosso vener\u00e1vel irm\u00e3o Dom Frei Diamantino Prata de Carvalho, OFM, celebrou na Catedral de Santo Ant\u00f4nio, missa em sufr\u00e1gio pelas almas de seus predecessores na S\u00e9 Campanhense e por todos os padres daquela bonita Igreja Particular j\u00e1 falecidos.<\/p>\n<p><!--more--><\/p>\n<p style=\"text-align: justify\">O Papa Bento XVI, presidindo a Santa Missa na Bas\u00edlica Vaticana, no \u00faltimo dia 05 de novembro, falou do conceito do fim de nossas vidas terrenas, recordando que a dissolu\u00e7\u00e3o do cen\u00e1rio deste mundo \u00e9 inevit\u00e1vel, mas em compensa\u00e7\u00e3o, recebemos a promessa de uma heran\u00e7a que n\u00e3o se corrompe, n\u00e3o se mancha e n\u00e3o se deteriora. Com propriedade, disse Bento XVI: \u201cA vida \u00e9 uma espera cont\u00ednua e atenta, uma peregrina\u00e7\u00e3o rumo \u00e0 vida eterna, o cumprimento final que d\u00e1 sentido e plenitude ao nosso caminho terreno. Misteriosamente associados \u00e0 paix\u00e3o de Cristo, podemos fazer da nossa exist\u00eancia uma oferta apreciada pelo Senhor, um sacrif\u00edcio volunt\u00e1rio de amor\u201d. \u201cAfinal \u2013 explicou o papa na homilia \u2013 n\u00f3s estamos neste mundo de passagem\u201d.<\/p>\n<p style=\"text-align: justify\">Ao relembrar os Cardeais e numerosos arcebispos e bispos falecidos no \u00faltimo ano o Papa Bento XVI vaticinou: \u201cN\u00f3s os recordamos com carinho e agradecemos a Deus pelo bem que eles fizeram. Nestes venerados nossos irm\u00e3os, reconhecemos os servos citados na par\u00e1bola evang\u00e9lica: servos fi\u00e9is cujo patr\u00e3o, ao retornar das n\u00fapcias, encontrou despertos e prontos; pastores que serviram a Igreja assegurando ao rebanho de Cristo os cuidados necess\u00e1rios; testemunhas do Evangelho, com diferentes dons e tarefas, demonstraram prud\u00eancia e dedica\u00e7\u00e3o \u00e0 causa do Reino de Deus\u201d. \u201cBem sabemos, j\u00e1 que o vivemos no nosso caminho cotidiano, que s\u00e3o muitos os problemas e as dificuldades desta vida; h\u00e1 situa\u00e7\u00f5es de sofrimento de dor, momentos que nos s\u00e3o dif\u00edceis de aceitar e compreender. Tudo isso \u2013 frisou Bento XVI \u2013 adquire valor e significado quando \u00e9 considerado na perspectiva da eternidade\u201d.<\/p>\n<p style=\"text-align: justify\">O papa concluiu a homilia afirmando que \u201ctoda prova\u00e7\u00e3o, quando acolhida com paci\u00eancia e perseveran\u00e7a, e oferecida ao Reino de Deus, retorna a n\u00f3s como uma vantagem espiritual terrena, e principalmente, na nosso vida futura, no C\u00e9u\u201d.<\/p>\n<p style=\"text-align: justify\">Realmente, o Papa tem raz\u00e3o, porque o amor, que encontrou a sua express\u00e3o mais sublime em Cristo, deve orientar a mossa vida de cada dia, apesar das dificuldades, apesar das provas. Sobre a terra, de fato, somos s\u00f3 viandantes, peregrinos em dire\u00e7\u00e3o da p\u00e1tria celeste.<\/p>\n<p style=\"text-align: justify\">A morte n\u00e3o pode nos inquietar. Mesmo tendo consci\u00eancia de quanto possa ser doloroso separar-se dos entes queridos, devemos ter em mente que mesmo que isso ocorra, para n\u00f3s que somos crist\u00e3os, a irm\u00e3 morte \u00e9 sempre iluminada pela esperan\u00e7a da imortalidade que vem do Cristo Ressuscitado, porque a ressurrei\u00e7\u00e3o de Cristo \u00e9 a esperan\u00e7a da nossa Ressurrei\u00e7\u00e3o final.<\/p>\n<p style=\"text-align: justify\">Por mais que estejamos diante de situa\u00e7\u00f5es de sofrimento, de persegui\u00e7\u00e3o, de dor, n\u00e3o apenas f\u00edsica, mas tamb\u00e9m espiritual, n\u00e3o devemos perder a esperan\u00e7a de Cristo venceu a morte e nos d\u00e1 a vida plena. Se colocamos em pr\u00e1tica os valores do Reino, perseverando no bem, a nossa f\u00e9, autenticamente purificada pelos sofrimentos, resplandecer\u00e1 um dia na vida plena, em todo o seu esplendor, quando Cristo voltar glorioso.<\/p>\n<p style=\"text-align: justify\">Assim, ainda na oitava da comemora\u00e7\u00e3o dos fi\u00e9is defuntos, queremos conclamar a todos os crist\u00e3os a cultivarem a gra\u00e7a de rezar por aqueles que nos precederam na vida eterna, na esperan\u00e7a de que o bom exemplo leve nossos sucessores, um dia, rezarem pelo nosso destino que \u00e9 a vida junto de Deus.<\/p>\n<h4 style=\"text-align: right\">Dom Eurico dos Santos Veloso<\/h4>\n","protected":false},"excerpt":{"rendered":"<p>Em Roma, sempre ap\u00f3s a comemora\u00e7\u00e3o dos fi\u00e9is defuntos, o Santo Padre tem o apropriado costume de rezar uma Santa Missa em mem\u00f3ria dos Senhores Cardeais e bispos falecidos no \u00faltimo ano. \u00c9 um costume que deveria ser implantado em nossas Dioceses, como na vizinha Diocese da Campanha, quando na manh\u00e3 do \u00faltimo dia 03 &hellip;<\/p>\n<p class=\"read-more\"> <a class=\"\" href=\"https:\/\/www.cnbb.org.br\/a-vida-e-efemera-transitoria-3\/\"> <span class=\"screen-reader-text\">A vida \u00e9 efem\u00eara, transit\u00f3ria!<\/span> Leia mais &raquo;<\/a><\/p>\n","protected":false},"author":83,"featured_media":0,"comment_status":"open","ping_status":"open","sticky":false,"template":"","format":"standard","meta":{"site-sidebar-layout":"default","site-content-layout":"default","ast-global-header-display":"","ast-banner-title-visibility":"","ast-main-header-display":"","ast-hfb-above-header-display":"","ast-hfb-below-header-display":"","ast-hfb-mobile-header-display":"","site-post-title":"","ast-breadcrumbs-content":"","ast-featured-img":"","footer-sml-layout":"","theme-transparent-header-meta":"","adv-header-id-meta":"","stick-header-meta":"","header-above-stick-meta":"","header-main-stick-meta":"","header-below-stick-meta":""},"categories":[784],"tags":[],"acf":[],"_links":{"self":[{"href":"https:\/\/www.cnbb.org.br\/cnbb-app\/wp\/v2\/posts\/28037"}],"collection":[{"href":"https:\/\/www.cnbb.org.br\/cnbb-app\/wp\/v2\/posts"}],"about":[{"href":"https:\/\/www.cnbb.org.br\/cnbb-app\/wp\/v2\/types\/post"}],"author":[{"embeddable":true,"href":"https:\/\/www.cnbb.org.br\/cnbb-app\/wp\/v2\/users\/83"}],"replies":[{"embeddable":true,"href":"https:\/\/www.cnbb.org.br\/cnbb-app\/wp\/v2\/comments?post=28037"}],"version-history":[{"count":0,"href":"https:\/\/www.cnbb.org.br\/cnbb-app\/wp\/v2\/posts\/28037\/revisions"}],"wp:attachment":[{"href":"https:\/\/www.cnbb.org.br\/cnbb-app\/wp\/v2\/media?parent=28037"}],"wp:term":[{"taxonomy":"category","embeddable":true,"href":"https:\/\/www.cnbb.org.br\/cnbb-app\/wp\/v2\/categories?post=28037"},{"taxonomy":"post_tag","embeddable":true,"href":"https:\/\/www.cnbb.org.br\/cnbb-app\/wp\/v2\/tags?post=28037"}],"curies":[{"name":"wp","href":"https:\/\/api.w.org\/{rel}","templated":true}]}}