{"id":28051,"date":"2010-08-31T00:00:00","date_gmt":"2010-08-31T03:00:00","guid":{"rendered":"https:\/\/www.cnbb.org.br\/bento-xvi-faz-encontro-de-verao-com-seus-ex-alunos-3\/"},"modified":"2010-08-31T00:00:00","modified_gmt":"2010-08-31T03:00:00","slug":"bento-xvi-faz-encontro-de-verao-com-seus-ex-alunos-3","status":"publish","type":"post","link":"https:\/\/www.cnbb.org.br\/bento-xvi-faz-encontro-de-verao-com-seus-ex-alunos-3\/","title":{"rendered":"Bento XVI faz encontro de ver\u00e3o com ex-alunos"},"content":{"rendered":"<p style=\"text-align: justify\">Aconteceu entre os dias 27 e 29, no Centro Mari\u00e1polis de Castel Gandolfo, o tradicional encontro de ver\u00e3o dos ex-alunos de Bento XVI, o chamado \u201cRatzinger Sch\u00fclerkreis\u201d: no centro dos col\u00f3quios, que se realiza a portas fechadas, o tema da hermen\u00eautica, ou seja, a interpreta\u00e7\u00e3o do Conc\u00edlio Vaticano II. Os participantes foram cerca de 40, todos ex-alunos do professor Ratzinger, que discutiram suas teses com ele nos anos em que era docente na Alemanha.<\/p>\n<p>  <!--more-->  <\/p>\n<p style=\"text-align: justify\">O orador principal foi o arcebispo, dom Kurt Koch, ex-bispo da Basil\u00e9ia, que foi nomeado em julho passado, presidente do Pontif\u00edcio Conselho para a Promo\u00e7\u00e3o da Unidade dos Crist\u00e3os. Dom Koch far\u00e1 duas confer\u00eancias: uma sobre \u201cO Conc\u00edlio Vaticano II, entre a tradi\u00e7\u00e3o e a inova\u00e7\u00e3o. A hermen\u00eautica da reforma entre a hermen\u00eautica de uma continuidade com ruptura e de uma continuidade n\u00e3o-hist\u00f3rica\u201d, a segunda sobre o \u201cSacrosanctum Concilium e a Reforma liturgia p\u00f3s-conciliar\u201d.<\/p>\n<p style=\"text-align: justify\">Na sexta-feira e no s\u00e1bado, ap\u00f3s as palavras de dom Koch, houve um espa\u00e7o para a discuss\u00e3o sobre o tema, da qual toma parte tamb\u00e9m o Pont\u00edfice. No domingo houve um momento culminante: os ex-alunos participaram da celebra\u00e7\u00e3o eucar\u00edstica presidida por Bento XVI no Centro de Congressos Mari\u00e1polis.<\/p>\n<p style=\"text-align: justify\">A maioria dos participantes vem da Alemanha e \u00c1ustria. Al\u00e9m deles, tinha tamb\u00e9m um italiano, um irland\u00eas, um holand\u00eas, um coreano e um indiano. Presentes ainda o arcebispo de Viena, cardeal Christoph Sch\u00f6nborn, o bispo auxiliar de Hamburgo, dom Hans-Jochen Jaschke, professores, sacerdotes, religiosos e leigos.<\/p>\n<p style=\"text-align: justify\">O primeiro encontro entre o professor Ratzinger e seus ex-alunos ocorreu em mar\u00e7o de 1977, quando foi nomeado arcebispo de Munique e Freising. Desde ent\u00e3o os encontros se repetem anualmente, sobre um determinado tema. No ano passado o tema foi \u201cA miss\u00e3o ad gentes\u201d. Este ano, portanto, foi abordado o tema do \u201cConc\u00edlio Vaticano II\u201d, cuja plena atua\u00e7\u00e3o Bento XVI colocou entre as prioridades do seu Pontificado.<\/p>\n<p style=\"text-align: justify\"><span style=\"font-size: 8pt\"><em><strong>Fonte: R\u00e1dio Vaticano<\/strong><\/em><\/span><\/p>\n","protected":false},"excerpt":{"rendered":"<p>Aconteceu entre os dias 27 e 29, no Centro Mari\u00e1polis de Castel Gandolfo, o tradicional encontro de ver\u00e3o dos ex-alunos de Bento XVI, o chamado \u201cRatzinger Sch\u00fclerkreis\u201d: no centro dos col\u00f3quios, que se realiza a portas fechadas, o tema da hermen\u00eautica, ou seja, a interpreta\u00e7\u00e3o do Conc\u00edlio Vaticano II. Os participantes foram cerca de 40, &hellip;<\/p>\n<p class=\"read-more\"> <a class=\"\" href=\"https:\/\/www.cnbb.org.br\/bento-xvi-faz-encontro-de-verao-com-seus-ex-alunos-3\/\"> <span class=\"screen-reader-text\">Bento XVI faz encontro de ver\u00e3o com ex-alunos<\/span> Leia mais &raquo;<\/a><\/p>\n","protected":false},"author":83,"featured_media":26546,"comment_status":"open","ping_status":"open","sticky":false,"template":"","format":"standard","meta":{"site-sidebar-layout":"default","site-content-layout":"default","ast-global-header-display":"","ast-banner-title-visibility":"","ast-main-header-display":"","ast-hfb-above-header-display":"","ast-hfb-below-header-display":"","ast-hfb-mobile-header-display":"","site-post-title":"","ast-breadcrumbs-content":"","ast-featured-img":"","footer-sml-layout":"","theme-transparent-header-meta":"","adv-header-id-meta":"","stick-header-meta":"","header-above-stick-meta":"","header-main-stick-meta":"","header-below-stick-meta":""},"categories":[784],"tags":[],"acf":[],"_links":{"self":[{"href":"https:\/\/www.cnbb.org.br\/cnbb-app\/wp\/v2\/posts\/28051"}],"collection":[{"href":"https:\/\/www.cnbb.org.br\/cnbb-app\/wp\/v2\/posts"}],"about":[{"href":"https:\/\/www.cnbb.org.br\/cnbb-app\/wp\/v2\/types\/post"}],"author":[{"embeddable":true,"href":"https:\/\/www.cnbb.org.br\/cnbb-app\/wp\/v2\/users\/83"}],"replies":[{"embeddable":true,"href":"https:\/\/www.cnbb.org.br\/cnbb-app\/wp\/v2\/comments?post=28051"}],"version-history":[{"count":0,"href":"https:\/\/www.cnbb.org.br\/cnbb-app\/wp\/v2\/posts\/28051\/revisions"}],"wp:featuredmedia":[{"embeddable":true,"href":"https:\/\/www.cnbb.org.br\/cnbb-app\/wp\/v2\/media\/26546"}],"wp:attachment":[{"href":"https:\/\/www.cnbb.org.br\/cnbb-app\/wp\/v2\/media?parent=28051"}],"wp:term":[{"taxonomy":"category","embeddable":true,"href":"https:\/\/www.cnbb.org.br\/cnbb-app\/wp\/v2\/categories?post=28051"},{"taxonomy":"post_tag","embeddable":true,"href":"https:\/\/www.cnbb.org.br\/cnbb-app\/wp\/v2\/tags?post=28051"}],"curies":[{"name":"wp","href":"https:\/\/api.w.org\/{rel}","templated":true}]}}