{"id":28084,"date":"2010-12-08T00:00:00","date_gmt":"2010-12-08T02:00:00","guid":{"rendered":"https:\/\/www.cnbb.org.br\/bento-xvi-dedica-oracao-do-angelus-a-solenidade-da-imaculada-conceicao-3\/"},"modified":"2010-12-08T00:00:00","modified_gmt":"2010-12-08T02:00:00","slug":"bento-xvi-dedica-oracao-do-angelus-a-solenidade-da-imaculada-conceicao-3","status":"publish","type":"post","link":"https:\/\/www.cnbb.org.br\/bento-xvi-dedica-oracao-do-angelus-a-solenidade-da-imaculada-conceicao-3\/","title":{"rendered":"Bento XVI dedica ora\u00e7\u00e3o do Angelus \u00e0 solenidade da Imaculada Concei\u00e7\u00e3o"},"content":{"rendered":"<p style=\"text-align: justify\">Na solenidade da Imaculada Concei\u00e7\u00e3o de Nossa Senhora, celebrada nesta quarta-feira, 8, o papa Bento XVI dedicou a ora\u00e7\u00e3o mariana do Angelus na Pra\u00e7a S\u00e3o Pedro, Vaticano, \u00e0 solenidade da Imaculada Concei\u00e7\u00e3o de Maria, celebrada hoje em todo o mundo. Durante a ora\u00e7\u00e3o, ele destacou o di\u00e1logo entre o anjo Gabriel e a Virgem Maria.<\/p>\n<p><!--more--><\/p>\n<p style=\"text-align: justify\">&#8220;Alegre-se, cheia de gra\u00e7a! O Senhor \u00e9 contigo!&#8221;, disse o mensageiro de Deus, revelando a identidade profunda de Maria, a &#8220;cheia de gra\u00e7a&#8221;, nome que o Senhor lhe deu. &#8220;Esta express\u00e3o que nos \u00e9 familiar desde a inf\u00e2ncia, pois a pronunciamos toda vez que rezamos a &#8220;Ave Maria&#8221;, nos oferece a explica\u00e7\u00e3o do mist\u00e9rio que hoje celebramos&#8221;, disse Bento XVI.<\/p>\n<p style=\"text-align: justify\">Toda a celebra\u00e7\u00e3o foi pontuada a Maria pelo pont\u00edfice. &#8220;Maria, desde o momento em que foi concebida por seus pais, foi escolhida por Deus para ser a m\u00e3e de seu Filho que se fez homem. Por isso, Maria foi preservada do pecado original. O anjo se dirige a ela com o nome &#8220;cheia de gra\u00e7a&#8221; que literalmente significa: &#8220;desde sempre repleta do amor de Deus&#8221;, de sua gra\u00e7a&#8221;, frisou o papa.<\/p>\n<p style=\"text-align: justify\">Bento XVI sublinhou ainda que &#8220;o mist\u00e9rio da Imaculada Concei\u00e7\u00e3o \u00e9 fonte de luz interior, esperan\u00e7a e conforto. No meio a tantas prova\u00e7\u00f5es da vida e contradi\u00e7\u00f5es que o homem experimenta dentro de si e ao seu redor, Maria, M\u00e3e de Cristo, nos diz que a Gra\u00e7a \u00e9 maior do que o pecado, que a miseric\u00f3rdia de Deus \u00e9 mais forte que o mal e sabe transform\u00e1-lo em bem&#8221;.<\/p>\n<p style=\"text-align: justify\">O pont\u00edfice recordou que &#8220;infelizmente, todos os dias n\u00f3s experimentamos o mal, que se manifesta de v\u00e1rias formas nas rela\u00e7\u00f5es, nos acontecimentos e sua raiz est\u00e1 no cora\u00e7\u00e3o do ser humano, um cora\u00e7\u00e3o ferido, doente e incapaz de curar-se sozinho. A Sagrada Escritura nos revela que a origem de todo mal est\u00e1 na desobedi\u00eancia \u00e0 vontade de Deus, e que a morte passou a dominar porque a liberdade humana cedeu \u00e0 tenta\u00e7\u00e3o do maligno. Deus, por\u00e9m, n\u00e3o vacila em seu des\u00edgnio de amor e vida. Atrav\u00e9s de um longo e paciente caminho de reconcilia\u00e7\u00e3o, Deus preparou a alian\u00e7a nova e eterna, sigilada com o sangue de seu Filho, que nasceu de uma mulher&#8221;.<\/p>\n<p style=\"text-align: justify\">O papa lembrou tamb\u00e9m que na tarde de hoje renovar\u00e1 o tradicional ato de devo\u00e7\u00e3o \u00e0 Virgem Imaculada na Pra\u00e7a de Espanha, no centro de Roma. &#8220;Que Maria nos ajude a ter f\u00e9 em Deus, a crer em sua Palavra, a repelir sempre o mal e escolher o bem&#8221;, concluiu confiando \u00e0 Virgem Maria as necessidades mais urgentes da Igreja e do mundo.<\/p>\n<p style=\"text-align: justify\">A seguir, o pont\u00edfice concedeu a todos a sua b\u00ean\u00e7\u00e3o apost\u00f3lica.<\/p>\n<p style=\"text-align: justify\"><em><span style=\"font-size: 8pt\">CNBB com R\u00e1dio Vaticano<\/span><\/em><\/p>\n","protected":false},"excerpt":{"rendered":"<p>Na solenidade da Imaculada Concei\u00e7\u00e3o de Nossa Senhora, celebrada nesta quarta-feira, 8, o papa Bento XVI dedicou a ora\u00e7\u00e3o mariana do Angelus na Pra\u00e7a S\u00e3o Pedro, Vaticano, \u00e0 solenidade da Imaculada Concei\u00e7\u00e3o de Maria, celebrada hoje em todo o mundo. Durante a ora\u00e7\u00e3o, ele destacou o di\u00e1logo entre o anjo Gabriel e a Virgem Maria.<\/p>\n","protected":false},"author":83,"featured_media":26594,"comment_status":"open","ping_status":"open","sticky":false,"template":"","format":"standard","meta":{"site-sidebar-layout":"default","site-content-layout":"default","ast-global-header-display":"","ast-banner-title-visibility":"","ast-main-header-display":"","ast-hfb-above-header-display":"","ast-hfb-below-header-display":"","ast-hfb-mobile-header-display":"","site-post-title":"","ast-breadcrumbs-content":"","ast-featured-img":"","footer-sml-layout":"","theme-transparent-header-meta":"","adv-header-id-meta":"","stick-header-meta":"","header-above-stick-meta":"","header-main-stick-meta":"","header-below-stick-meta":""},"categories":[784],"tags":[],"acf":[],"_links":{"self":[{"href":"https:\/\/www.cnbb.org.br\/cnbb-app\/wp\/v2\/posts\/28084"}],"collection":[{"href":"https:\/\/www.cnbb.org.br\/cnbb-app\/wp\/v2\/posts"}],"about":[{"href":"https:\/\/www.cnbb.org.br\/cnbb-app\/wp\/v2\/types\/post"}],"author":[{"embeddable":true,"href":"https:\/\/www.cnbb.org.br\/cnbb-app\/wp\/v2\/users\/83"}],"replies":[{"embeddable":true,"href":"https:\/\/www.cnbb.org.br\/cnbb-app\/wp\/v2\/comments?post=28084"}],"version-history":[{"count":0,"href":"https:\/\/www.cnbb.org.br\/cnbb-app\/wp\/v2\/posts\/28084\/revisions"}],"wp:featuredmedia":[{"embeddable":true,"href":"https:\/\/www.cnbb.org.br\/cnbb-app\/wp\/v2\/media\/26594"}],"wp:attachment":[{"href":"https:\/\/www.cnbb.org.br\/cnbb-app\/wp\/v2\/media?parent=28084"}],"wp:term":[{"taxonomy":"category","embeddable":true,"href":"https:\/\/www.cnbb.org.br\/cnbb-app\/wp\/v2\/categories?post=28084"},{"taxonomy":"post_tag","embeddable":true,"href":"https:\/\/www.cnbb.org.br\/cnbb-app\/wp\/v2\/tags?post=28084"}],"curies":[{"name":"wp","href":"https:\/\/api.w.org\/{rel}","templated":true}]}}