{"id":28104,"date":"2011-01-03T00:00:00","date_gmt":"2011-01-03T02:00:00","guid":{"rendered":"https:\/\/www.cnbb.org.br\/papa-lembra-o-25o-aniversario-do-dia-mundial-de-oracao-pela-paz-3\/"},"modified":"2011-01-03T00:00:00","modified_gmt":"2011-01-03T02:00:00","slug":"papa-lembra-o-25o-aniversario-do-dia-mundial-de-oracao-pela-paz-3","status":"publish","type":"post","link":"https:\/\/www.cnbb.org.br\/papa-lembra-o-25o-aniversario-do-dia-mundial-de-oracao-pela-paz-3\/","title":{"rendered":"Papa lembra o 25\u00ba anivers\u00e1rio do Dia Mundial de Ora\u00e7\u00e3o pela Paz"},"content":{"rendered":"<p style=\"text-align: justify\">Ap\u00f3s a ora\u00e7\u00e3o mariana do Angelus, no dia 1\u00ba, o papa Bento XVI disse aos fieis que em sua mensagem para o 44\u00b0 Dia Mundial da Paz teve a oportunidade de sublinhar como as grandes religi\u00f5es podem constituir um importante fator de unidade e de paz para a fam\u00edlia humana. O papa recordou, a este prop\u00f3sito, que em 2011 ser\u00e1 celebrado o 25\u00b0 anivers\u00e1rio do Dia Mundial de Ora\u00e7\u00e3o pela Paz que o papa Jo\u00e3o Paulo II convocou em Assis em 1986.<\/p>\n<p>  <!--more-->  <\/p>\n<div style=\"text-align: justify\"><\/div>\n<div style=\"text-align: justify\">O Santo Padre frisou que, em outubro deste ano, ir\u00e1 a Assis, cidade de S\u00e3o Francisco, em peregrina\u00e7\u00e3o, e convidou a se unirem neste caminho os irm\u00e3os crist\u00e3os de v\u00e1rias confiss\u00f5es, os expoentes das tradi\u00e7\u00f5es religiosas do mundo e todos os homens de boa vontade, a fim de recordar aquele gesto hist\u00f3rico de Jo\u00e3o Paulo II e renovar solenemente o compromisso dos fieis de toda religi\u00e3o a viverem sua f\u00e9 religiosa como servi\u00e7o em favor da paz.<\/div>\n<p style=\"text-align: justify\">&#8220;Quem caminha em dire\u00e7\u00e3o a Deus transmite paz, quem constr\u00f3i a paz se aproxima de Deus&#8221;, sublinhou Bento XVI encorajando as pessoas para que neste dia rezem pela paz e pela liberdade religiosa.<\/p>\n<p style=\"text-align: justify\">&#8220;Sa\u00fado os peregrinos de l\u00edngua portuguesa nesta solenidade de Santa Maria, M\u00e3e de Deus. Ela interceda junto ao seu Divino Filho, Pr\u00edncipe da Paz, para que a humanidade se abra sempre mais ao Evangelho, \u00fanico caminho para a verdadeira fraternidade\u201d, disse o papa, em Portugu\u00eas, saudando os peregrinos de l\u00edngua portuguesa.<\/p>\n","protected":false},"excerpt":{"rendered":"<p>Ap\u00f3s a ora\u00e7\u00e3o mariana do Angelus, no dia 1\u00ba, o papa Bento XVI disse aos fieis que em sua mensagem para o 44\u00b0 Dia Mundial da Paz teve a oportunidade de sublinhar como as grandes religi\u00f5es podem constituir um importante fator de unidade e de paz para a fam\u00edlia humana. O papa recordou, a este &hellip;<\/p>\n<p class=\"read-more\"> <a class=\"\" href=\"https:\/\/www.cnbb.org.br\/papa-lembra-o-25o-aniversario-do-dia-mundial-de-oracao-pela-paz-3\/\"> <span class=\"screen-reader-text\">Papa lembra o 25\u00ba anivers\u00e1rio do Dia Mundial de Ora\u00e7\u00e3o pela Paz<\/span> Leia mais &raquo;<\/a><\/p>\n","protected":false},"author":83,"featured_media":26623,"comment_status":"open","ping_status":"open","sticky":false,"template":"","format":"standard","meta":{"site-sidebar-layout":"default","site-content-layout":"default","ast-global-header-display":"","ast-banner-title-visibility":"","ast-main-header-display":"","ast-hfb-above-header-display":"","ast-hfb-below-header-display":"","ast-hfb-mobile-header-display":"","site-post-title":"","ast-breadcrumbs-content":"","ast-featured-img":"","footer-sml-layout":"","theme-transparent-header-meta":"","adv-header-id-meta":"","stick-header-meta":"","header-above-stick-meta":"","header-main-stick-meta":"","header-below-stick-meta":""},"categories":[784],"tags":[],"acf":[],"_links":{"self":[{"href":"https:\/\/www.cnbb.org.br\/cnbb-app\/wp\/v2\/posts\/28104"}],"collection":[{"href":"https:\/\/www.cnbb.org.br\/cnbb-app\/wp\/v2\/posts"}],"about":[{"href":"https:\/\/www.cnbb.org.br\/cnbb-app\/wp\/v2\/types\/post"}],"author":[{"embeddable":true,"href":"https:\/\/www.cnbb.org.br\/cnbb-app\/wp\/v2\/users\/83"}],"replies":[{"embeddable":true,"href":"https:\/\/www.cnbb.org.br\/cnbb-app\/wp\/v2\/comments?post=28104"}],"version-history":[{"count":0,"href":"https:\/\/www.cnbb.org.br\/cnbb-app\/wp\/v2\/posts\/28104\/revisions"}],"wp:featuredmedia":[{"embeddable":true,"href":"https:\/\/www.cnbb.org.br\/cnbb-app\/wp\/v2\/media\/26623"}],"wp:attachment":[{"href":"https:\/\/www.cnbb.org.br\/cnbb-app\/wp\/v2\/media?parent=28104"}],"wp:term":[{"taxonomy":"category","embeddable":true,"href":"https:\/\/www.cnbb.org.br\/cnbb-app\/wp\/v2\/categories?post=28104"},{"taxonomy":"post_tag","embeddable":true,"href":"https:\/\/www.cnbb.org.br\/cnbb-app\/wp\/v2\/tags?post=28104"}],"curies":[{"name":"wp","href":"https:\/\/api.w.org\/{rel}","templated":true}]}}