{"id":28109,"date":"2011-01-14T00:00:00","date_gmt":"2011-01-14T02:00:00","guid":{"rendered":"https:\/\/www.cnbb.org.br\/papa-joao-paulo-ii-sera-beatificado-3\/"},"modified":"2011-01-14T00:00:00","modified_gmt":"2011-01-14T02:00:00","slug":"papa-joao-paulo-ii-sera-beatificado-3","status":"publish","type":"post","link":"https:\/\/www.cnbb.org.br\/papa-joao-paulo-ii-sera-beatificado-3\/","title":{"rendered":"Papa Jo\u00e3o Paulo II ser\u00e1 beatificado em maio"},"content":{"rendered":"<p style=\"text-align: justify\">Nesta sexta-feira, 14, o papa Bento XVI aprovou a publica\u00e7\u00e3o do decreto que comprova um milagre atribu\u00eddo \u00e0 intercess\u00e3o de Jo\u00e3o Paulo II. A beatifica\u00e7\u00e3o est\u00e1 marcada para 1\u00ba de Maio, domingo da Divina Miseric\u00f3rdia.<\/p>\n<p>  <!--more-->  <\/p>\n<p style=\"text-align: justify\">A data escolhida para a beatifica\u00e7\u00e3o recorda a celebra\u00e7\u00e3o lit\u00fargica mais pr\u00f3xima da morte de Jo\u00e3o Paulo II, que faleceu na v\u00e9spera da festa da Divina Miseric\u00f3rdia.<\/p>\n<p style=\"text-align: justify\">O milagre, agora confirmado, refere-se \u00e0 cura da freira francesa Marie Simon Pierre, que sofria da doen\u00e7a de Parkinson. A religiosa pertence \u00e0 congrega\u00e7\u00e3o das Irm\u00e3zinhas das Maternidades Cat\u00f3licas e trabalha em Paris, Fran\u00e7a, tendo superado, em 2005, todos os sintomas da doen\u00e7a de que sofria h\u00e1 quatro anos.<\/p>\n<p style=\"text-align: justify\">Segundo o cardeal Prefeito da Congrega\u00e7\u00e3o das Causas dos Santos, dom \u00c2ngelo Amato, o decreto sobre a cura da irm\u00e3 Marie Simon \u00e9 o que ter\u00e1 mais resson\u00e2ncia na Igreja Cat\u00f3lica e no mundo.<\/p>\n<p style=\"text-align: justify\">No dia 13 de Maio de 2005, apenas quarenta e dois dias ap\u00f3s a morte de Jo\u00e3o Paulo II, o papa Bento XVI anunciou o in\u00edcio imediato do processo de canoniza\u00e7\u00e3o de Karol Wojtyla, dispensando o prazo can\u00f4nico de cinco anos para a promo\u00e7\u00e3o da causa. Ainda em dezembro de 2009, o atual Papa assinou o decreto que reconhece as \u201cvirtudes her\u00f3icas\u201d de Karol Wojtyla, primeiro passo para a beatifica\u00e7\u00e3o.<\/p>\n<p style=\"text-align: justify\">Jo\u00e3o Paulo II foi papa entre 16 de outubro de 1978 e 2 de abril de 2005, quando faleceu ap\u00f3s mais de 25 anos como Sucessor de S\u00e3o Pedro.<\/p>\n","protected":false},"excerpt":{"rendered":"<p>Nesta sexta-feira, 14, o papa Bento XVI aprovou a publica\u00e7\u00e3o do decreto que comprova um milagre atribu\u00eddo \u00e0 intercess\u00e3o de Jo\u00e3o Paulo II. A beatifica\u00e7\u00e3o est\u00e1 marcada para 1\u00ba de Maio, domingo da Divina Miseric\u00f3rdia.<\/p>\n","protected":false},"author":83,"featured_media":26627,"comment_status":"open","ping_status":"open","sticky":false,"template":"","format":"standard","meta":{"site-sidebar-layout":"default","site-content-layout":"default","ast-global-header-display":"","ast-banner-title-visibility":"","ast-main-header-display":"","ast-hfb-above-header-display":"","ast-hfb-below-header-display":"","ast-hfb-mobile-header-display":"","site-post-title":"","ast-breadcrumbs-content":"","ast-featured-img":"","footer-sml-layout":"","theme-transparent-header-meta":"","adv-header-id-meta":"","stick-header-meta":"","header-above-stick-meta":"","header-main-stick-meta":"","header-below-stick-meta":""},"categories":[784],"tags":[],"acf":[],"_links":{"self":[{"href":"https:\/\/www.cnbb.org.br\/cnbb-app\/wp\/v2\/posts\/28109"}],"collection":[{"href":"https:\/\/www.cnbb.org.br\/cnbb-app\/wp\/v2\/posts"}],"about":[{"href":"https:\/\/www.cnbb.org.br\/cnbb-app\/wp\/v2\/types\/post"}],"author":[{"embeddable":true,"href":"https:\/\/www.cnbb.org.br\/cnbb-app\/wp\/v2\/users\/83"}],"replies":[{"embeddable":true,"href":"https:\/\/www.cnbb.org.br\/cnbb-app\/wp\/v2\/comments?post=28109"}],"version-history":[{"count":0,"href":"https:\/\/www.cnbb.org.br\/cnbb-app\/wp\/v2\/posts\/28109\/revisions"}],"wp:featuredmedia":[{"embeddable":true,"href":"https:\/\/www.cnbb.org.br\/cnbb-app\/wp\/v2\/media\/26627"}],"wp:attachment":[{"href":"https:\/\/www.cnbb.org.br\/cnbb-app\/wp\/v2\/media?parent=28109"}],"wp:term":[{"taxonomy":"category","embeddable":true,"href":"https:\/\/www.cnbb.org.br\/cnbb-app\/wp\/v2\/categories?post=28109"},{"taxonomy":"post_tag","embeddable":true,"href":"https:\/\/www.cnbb.org.br\/cnbb-app\/wp\/v2\/tags?post=28109"}],"curies":[{"name":"wp","href":"https:\/\/api.w.org\/{rel}","templated":true}]}}