{"id":28132,"date":"2011-03-18T00:00:00","date_gmt":"2011-03-18T03:00:00","guid":{"rendered":"https:\/\/www.cnbb.org.br\/santa-se-inaugurara-novo-site-apos-a-pascoa-afirma-dom-claudio-maria-celli-3\/"},"modified":"2011-03-18T00:00:00","modified_gmt":"2011-03-18T03:00:00","slug":"santa-se-inaugurara-novo-site-apos-a-pascoa-afirma-dom-claudio-maria-celli-3","status":"publish","type":"post","link":"https:\/\/www.cnbb.org.br\/santa-se-inaugurara-novo-site-apos-a-pascoa-afirma-dom-claudio-maria-celli-3\/","title":{"rendered":"Santa S\u00e9 inaugurar\u00e1 novo site ap\u00f3s a P\u00e1scoa, afirma dom Cl\u00e1udio Maria Celli"},"content":{"rendered":"<p style=\"text-align: justify\">O novo site da Santa S\u00e9 est\u00e1 prestes a ser lan\u00e7ado. Foi anunciado pelo presidente do Pontif\u00edcio Conselho das Comunica\u00e7\u00f5es Sociais, arcebispo dom Cl\u00e1udio Maria Celli, na recente Plen\u00e1ria do dicast\u00e9rio. Segundo o arcebispo, o site estar\u00e1 online logo depois da P\u00e1scoa, primeiramente em italiano, ingl\u00eas e franc\u00eas.<\/p>\n<p><!--more--><\/p>\n<p style=\"text-align: justify\">\u201cSer\u00e1 necess\u00e1rio esperar ainda um pouco para as outras l\u00ednguas, inclusive chin\u00eas. Quisemos que o projeto se realizasse gradualmente, para que pud\u00e9ssemos mudar o que fosse preciso durante o pr\u00f3prio processo\u201d, explicou o arcebispo.<\/p>\n<p style=\"text-align: justify\">Dom Celli falou tamb\u00e9m dos temas abordados na Plen\u00e1ria, explicando que \u201ca Igreja deve certamente aprender a anunciar Cristo segundo a linguagem mais f\u00e1cil e direta, compreens\u00edvel para as pessoas a quem se dirige. Hoje, fala-se de era e cultura digitais\u201d.<\/p>\n<p style=\"text-align: justify\">O papa orientou o debate da Plan\u00e1ria neste sentido. Dom Celli continua: \u201cEle nos lembrou que precisamos ter a coragem de ver com mais profundidade a rela\u00e7\u00e3o entre a f\u00e9, a vida da Igreja e as mudan\u00e7as que o homem est\u00e1 vivendo. Bento XVI nos pediu um esfor\u00e7o maior para ajudar os respons\u00e1veis na Igreja a entender, interpretar e falar a linguagem moderna da m\u00eddia em sua fun\u00e7\u00e3o pastoral\u201d.<\/p>\n<p style=\"text-align: justify\">\u201cResumindo, o Pont\u00edfice quer que se pense nos desafios que o chamado \u2018pensamento digital\u2019 apresenta \u00e0 f\u00e9 e \u00e0 teologia; e as perguntas e respostas consequentes\u201d, disse dom Maria Celli.<\/p>\n<p style=\"text-align: justify\">Neste sentido, o arcebispo adiantou que o Conselho das Comunica\u00e7\u00f5es est\u00e1 organizando cursos de forma\u00e7\u00e3o e de dar um novo sentido aos encontros com os bispos do mundo, em suas visitas ao Vaticano.<\/p>\n<p style=\"text-align: justify\">Est\u00e1 sendo organizado no Rio de Janeiro um semin\u00e1rio sobre a comunica\u00e7\u00e3o para os bispos brasileiros, um encontro no Oriente M\u00e9dio e outro na \u00c1frica. No segundo semestre, haver\u00e1 tamb\u00e9m um evento no Chile para os envolvidos na Rede Inform\u00e1tica da Am\u00e9rica Latina (RIIAL).<br \/>\nNo Continente Americano, dom Celli disse que conta com uma frut\u00edfera sintonia com o Conselho Episcopal Latino-americano (CELAM), cujo presidente, cardeal dom Raymundo Damasceno, \u201cest\u00e1 particularmente atento a esta colabora\u00e7\u00e3o\u201d.<\/p>\n","protected":false},"excerpt":{"rendered":"<p>O novo site da Santa S\u00e9 est\u00e1 prestes a ser lan\u00e7ado. Foi anunciado pelo presidente do Pontif\u00edcio Conselho das Comunica\u00e7\u00f5es Sociais, arcebispo dom Cl\u00e1udio Maria Celli, na recente Plen\u00e1ria do dicast\u00e9rio. Segundo o arcebispo, o site estar\u00e1 online logo depois da P\u00e1scoa, primeiramente em italiano, ingl\u00eas e franc\u00eas.<\/p>\n","protected":false},"author":83,"featured_media":14993,"comment_status":"open","ping_status":"open","sticky":false,"template":"","format":"standard","meta":{"site-sidebar-layout":"default","site-content-layout":"default","ast-global-header-display":"","ast-banner-title-visibility":"","ast-main-header-display":"","ast-hfb-above-header-display":"","ast-hfb-below-header-display":"","ast-hfb-mobile-header-display":"","site-post-title":"","ast-breadcrumbs-content":"","ast-featured-img":"","footer-sml-layout":"","theme-transparent-header-meta":"","adv-header-id-meta":"","stick-header-meta":"","header-above-stick-meta":"","header-main-stick-meta":"","header-below-stick-meta":""},"categories":[784],"tags":[],"acf":[],"_links":{"self":[{"href":"https:\/\/www.cnbb.org.br\/cnbb-app\/wp\/v2\/posts\/28132"}],"collection":[{"href":"https:\/\/www.cnbb.org.br\/cnbb-app\/wp\/v2\/posts"}],"about":[{"href":"https:\/\/www.cnbb.org.br\/cnbb-app\/wp\/v2\/types\/post"}],"author":[{"embeddable":true,"href":"https:\/\/www.cnbb.org.br\/cnbb-app\/wp\/v2\/users\/83"}],"replies":[{"embeddable":true,"href":"https:\/\/www.cnbb.org.br\/cnbb-app\/wp\/v2\/comments?post=28132"}],"version-history":[{"count":0,"href":"https:\/\/www.cnbb.org.br\/cnbb-app\/wp\/v2\/posts\/28132\/revisions"}],"wp:featuredmedia":[{"embeddable":true,"href":"https:\/\/www.cnbb.org.br\/cnbb-app\/wp\/v2\/media\/14993"}],"wp:attachment":[{"href":"https:\/\/www.cnbb.org.br\/cnbb-app\/wp\/v2\/media?parent=28132"}],"wp:term":[{"taxonomy":"category","embeddable":true,"href":"https:\/\/www.cnbb.org.br\/cnbb-app\/wp\/v2\/categories?post=28132"},{"taxonomy":"post_tag","embeddable":true,"href":"https:\/\/www.cnbb.org.br\/cnbb-app\/wp\/v2\/tags?post=28132"}],"curies":[{"name":"wp","href":"https:\/\/api.w.org\/{rel}","templated":true}]}}