{"id":28188,"date":"2011-08-20T00:00:00","date_gmt":"2011-08-20T03:00:00","guid":{"rendered":"https:\/\/www.cnbb.org.br\/bento-xvi-aos-jovens-nao-tenhais-medo-do-mundo-3\/"},"modified":"2011-08-20T00:00:00","modified_gmt":"2011-08-20T03:00:00","slug":"bento-xvi-aos-jovens-nao-tenhais-medo-do-mundo-3","status":"publish","type":"post","link":"https:\/\/www.cnbb.org.br\/bento-xvi-aos-jovens-nao-tenhais-medo-do-mundo-3\/","title":{"rendered":"Bento XVI aos jovens: \u201cN\u00e3o tenhais medo do mundo!\u201d"},"content":{"rendered":"<p style=\"text-align: justify\">MADRI &#8211; A chuva que caiu pouco depois do papa Bento XVI chegar ao aer\u00f3dromo Quatro Ventos, em Madri, para a vig\u00edlia com os jovens, levou-o XVI a suspender a homilia preparada para cerim\u00f4nia. A chuva demorou pouco mais de 30 minutos e pegou a todos de surpresa por causa do forte sol durante todo o dia.<\/p>\n<p>  <!--more-->  <\/p>\n<p style=\"text-align: justify\">Passada a chuva, Bento XVI retomou a palavra e elogiou a resist\u00eancia dos jovens. \u201cObrigado por vossa alegria e resist\u00eancia\u201d, disse, sendo interrompido pela multid\u00e3o que gritava como um s\u00f3 coro seu nome, \u201cBenedicto! Benedicto!\u201d \u201cO Senhor, com a chuva, nos manda muitas b\u00ean\u00e7\u00e3os\u201d, acrescentou o papa que ouviu dos jovens, como resposta, \u201cEsta \u00e9 a juventude do papa!\u201d.<\/p>\n<p style=\"text-align: justify\"><img decoding=\"async\" loading=\"lazy\" class=\" alignright size-full wp-image-11323\" style=\"float: right\" title=\"Bento XVI inicia a adora\u00e7\u00e3o ao Sant\u00edssimo Sacramento (Foto: Hanna Grabowska - Madri2011)\" alt=\"JMJ-BentoXVIVigilia2\" src=\"https:\/\/www.cnbb.org.br\/wp-content\/uploads\/2020\/03\/JMJ-BentoXVIVigilia2.jpg\" height=\"420\" width=\"280\" \/>Bento XVI fez uma breve sauda\u00e7\u00e3o aos jovens em seis l\u00ednguas (Franc\u00eas, Ingl\u00eas, Alem\u00e3o, Italiano, Portugu\u00eas e Polon\u00eas). Em seguida, deu in\u00edcio \u00e0 adora\u00e7\u00e3o do Sant\u00edssimo Sacramento. A consagra\u00e7\u00e3o dos jovens ao Sagrado Cora\u00e7\u00e3o de Jesus, que estava prevista, tamb\u00e9m foi suspensa.<\/p>\n<p style=\"text-align: justify\">Antes de se despedir, o papa agradeceu o sacrif\u00edcio dos jovens que, durante o dia, andaram uma longa dist\u00e2ncia e enfrentaram um forte calor para estar no aer\u00f3dromo onde passar\u00e3o esta noite deitados em colchonetes. \u201cVemo-nos amanh\u00e3, se Deus quiser. Eu vos espero a todos amanh\u00e3 [para a missa]. Obrigado a todos!\u201d, despediu-se.<\/p>\n<p style=\"text-align: justify\">Amanh\u00e3, neste mesmo local, Bento XVI preside a missa de encerramento da Jornada. Os brasileiros vivem a expectativa do an\u00fancio oficial do Rio de Janeiro como sede da pr\u00f3xima JMJ, que ser\u00e1 em 2013.<\/p>\n<p style=\"text-align: justify\"><strong>N\u00e3o tenham medo<\/strong><\/p>\n<p style=\"text-align: justify\">O papa chegou de autom\u00f3vel ao aer\u00f3dromo por volta das 20:45h (15:45h de Bras\u00edlia), saudou as autoridades presentes e, em seguida, recebeu a cruz da jornada. Cinco jovens fizeram perguntas ao papa sobre quest\u00f5es que os incomodam. Em seguida, foi proclamada a Palavra de Deus. Neste momento, come\u00e7ou a chover e ventar, e o papa n\u00e3o leu a mensagem preparada.<\/p>\n<p style=\"text-align: justify\">Na homilia, dada como lida, Bento XVI chama os jovens de \u201cqueridos amigos\u201d e os conclama a n\u00e3o terem medo do mundo. \u201cQue nenhuma adversidade vos paralise. N\u00e3o tenhais medo do mundo, nem do futuro, nem da vossa fraqueza. O Senhor lhes tem concedido viver neste momento da hist\u00f3ria para que, gra\u00e7as \u00e0 vossa f\u00e9, seu nome continue ressoando por toda a terra\u201d, diz a homilia.<\/p>\n<p style=\"text-align: justify\">Bento XVI volta a condenar a \u201ccultura relativista dominante\u201d que \u201crenuncia e deprecia a busca da verdade\u201d e diz que \u00e9 preciso \u201cpropor com coragem e humildade o valor universal de Cristo\u201d.<\/p>\n<p style=\"text-align: justify\">O papa orienta os jovens a pedirem a Deus o discernimento de sua voca\u00e7\u00e3o e cita, particularmente, a voca\u00e7\u00e3o para o matrim\u00f4nio, para o sacerd\u00f3cio e a vida religiosa. \u201cReconhecer a beleza do matrim\u00f4nio, significa ser conscientes de que s\u00f3 no \u00e2mbito da fidelidade e indissolubilidade, assim como abertura ao dom divino da vida, \u00e9 o adequado para a grandeza e a dignidade do amor matrimonial\u201d, acentua.<\/p>\n<p style=\"text-align: justify\">Leia, na \u00edntegra, <a href=\"http:\/\/cnbbjoomla.sitesparresia.com\/wp-content\/uploads\/sites\/85\/2011\/08\/Bento_XVI_em_Madri_-_Discurso_7.doc\" target=\"_blank\" rel=\"noopener\"><strong><span style=\"text-decoration: underline\">a homilia do papa<\/span><\/strong><\/a><\/p>\n","protected":false},"excerpt":{"rendered":"<p>MADRI &#8211; A chuva que caiu pouco depois do papa Bento XVI chegar ao aer\u00f3dromo Quatro Ventos, em Madri, para a vig\u00edlia com os jovens, levou-o XVI a suspender a homilia preparada para cerim\u00f4nia. A chuva demorou pouco mais de 30 minutos e pegou a todos de surpresa por causa do forte sol durante todo &hellip;<\/p>\n<p class=\"read-more\"> <a class=\"\" href=\"https:\/\/www.cnbb.org.br\/bento-xvi-aos-jovens-nao-tenhais-medo-do-mundo-3\/\"> <span class=\"screen-reader-text\">Bento XVI aos jovens: \u201cN\u00e3o tenhais medo do mundo!\u201d<\/span> Leia mais &raquo;<\/a><\/p>\n","protected":false},"author":83,"featured_media":26753,"comment_status":"open","ping_status":"open","sticky":false,"template":"","format":"standard","meta":{"site-sidebar-layout":"default","site-content-layout":"default","ast-global-header-display":"","ast-banner-title-visibility":"","ast-main-header-display":"","ast-hfb-above-header-display":"","ast-hfb-below-header-display":"","ast-hfb-mobile-header-display":"","site-post-title":"","ast-breadcrumbs-content":"","ast-featured-img":"","footer-sml-layout":"","theme-transparent-header-meta":"","adv-header-id-meta":"","stick-header-meta":"","header-above-stick-meta":"","header-main-stick-meta":"","header-below-stick-meta":""},"categories":[784],"tags":[],"acf":[],"_links":{"self":[{"href":"https:\/\/www.cnbb.org.br\/cnbb-app\/wp\/v2\/posts\/28188"}],"collection":[{"href":"https:\/\/www.cnbb.org.br\/cnbb-app\/wp\/v2\/posts"}],"about":[{"href":"https:\/\/www.cnbb.org.br\/cnbb-app\/wp\/v2\/types\/post"}],"author":[{"embeddable":true,"href":"https:\/\/www.cnbb.org.br\/cnbb-app\/wp\/v2\/users\/83"}],"replies":[{"embeddable":true,"href":"https:\/\/www.cnbb.org.br\/cnbb-app\/wp\/v2\/comments?post=28188"}],"version-history":[{"count":0,"href":"https:\/\/www.cnbb.org.br\/cnbb-app\/wp\/v2\/posts\/28188\/revisions"}],"wp:featuredmedia":[{"embeddable":true,"href":"https:\/\/www.cnbb.org.br\/cnbb-app\/wp\/v2\/media\/26753"}],"wp:attachment":[{"href":"https:\/\/www.cnbb.org.br\/cnbb-app\/wp\/v2\/media?parent=28188"}],"wp:term":[{"taxonomy":"category","embeddable":true,"href":"https:\/\/www.cnbb.org.br\/cnbb-app\/wp\/v2\/categories?post=28188"},{"taxonomy":"post_tag","embeddable":true,"href":"https:\/\/www.cnbb.org.br\/cnbb-app\/wp\/v2\/tags?post=28188"}],"curies":[{"name":"wp","href":"https:\/\/api.w.org\/{rel}","templated":true}]}}