{"id":28258,"date":"2012-02-20T00:00:00","date_gmt":"2012-02-20T02:00:00","guid":{"rendered":"https:\/\/www.cnbb.org.br\/papa-prega-na-solenidade-da-catedra-de-pedro-e-diz-que-igreja-nao-existe-para-si-mesma-2\/"},"modified":"2012-02-20T00:00:00","modified_gmt":"2012-02-20T02:00:00","slug":"papa-prega-na-solenidade-da-catedra-de-pedro-e-diz-que-igreja-nao-existe-para-si-mesma-2","status":"publish","type":"post","link":"https:\/\/www.cnbb.org.br\/papa-prega-na-solenidade-da-catedra-de-pedro-e-diz-que-igreja-nao-existe-para-si-mesma-2\/","title":{"rendered":"Papa prega na solenidade da C\u00e1tedra de Pedro e diz que Igreja n\u00e3o existe para si mesma"},"content":{"rendered":"<p style=\"text-align: justify\">Bento XVI voltou a se encontrar, neste domingo, 19 de fevereiro, com os novos Cardeais criados no Consist\u00f3rio de ontem de manh\u00e3. Ele presidiu a eucaristia e dirigiu uma palavra aos novatos diante dos quase 100 outros membros do Colegio Cardinal\u00edcio que vieram a Roma prestigiar o evento e atender o apelo do Santo Padre.<\/p>\n<p>  <!--more-->  <\/p>\n<p style=\"text-align: justify\">Na Bas\u00edlica Patriarcal de S\u00e3o Pedro,\u00a0 o cen\u00e1rio era composto por uma multid\u00e3o de fi\u00e9is que lotou a nave central e, al\u00e9m dos cardeais, estavam tamb\u00e9m presentes cerca de 150 bispos e por volta de 200 padres. Na duas \u00e1reas reservadas para a imprensa, pr\u00f3ximas do baldaquino estavam cerca de 80 jornalistas de R\u00e1dio e TV.\u00a0 Forte esquema de seguran\u00e7a impedia o tr\u00e2nsito das pessoas pelas naves laterais e a execu\u00e7\u00e3o das m\u00fasicas lit\u00fargicas pelo coro criava uma atmosfera especial.<\/p>\n<p style=\"text-align: justify\">Os novos Cardeais foram concelebrantes, portanto, ocuparam os mesmos lugares que estiveram no Consist\u00f3rio, isto \u00e9, diante do altar e sentados num semic\u00edrculo. Em nome do grupo, antes da liturgia, falou o Cardeal Fernando Filoni. O papa deixou o ve\u00edculo que o conduzira desde a entrada da Bas\u00edlica e se sentou diante do altar-mor que se encontro sobre o t\u00famulo do Ap\u00f3stolo Pedro. Em latim, ele presidiu a Eucaristia na solenidade da C\u00e1tedra de S\u00e3o Pedro. A primeira leitura, tirada do livro do profeta Ezequial foi lida em ingl\u00eas. Retirada da primeira Carta de S\u00e3o Pedro, a segunda leitura foi feita em espanhol. O trecho do Evangelho de S\u00e3o Mateus foi proclamado em latim.<\/p>\n<p style=\"text-align: justify\">Na Homilia, o Papa lembrou que a ocasi\u00e3o \u201cse reveste de um car\u00e1ter especial de universalidade\u201d. Antes de passar \u00e0 medita\u00e7\u00e3o da Palavra proclamada, Bento XVI sublinhou que a mensagem\u00a0 \u00e9 dirigida \u201cantes de mais nada\u201d aos novos Cardeais que s\u00e3o reconhecidos no meio do Povo de Deus pelos m\u00e9ritos na \u201cna obra generosa e s\u00e1bia do minist\u00e9rio pastoral em dioceses relevantes, ou na dire\u00e7\u00e3o dos dicast\u00e9rios da C\u00faria Romana, ou ainda no servi\u00e7o eclesial do estudo e do ensino\u201d. O Papa reafirmou que a dignidade do cardinalado pretende manifestar o apre\u00e7o pelo trabalho realizado por cada um de fiel servidor na vinha do Senhor e de \u201chomenagear as comunidades e na\u00e7\u00f5es\u201d que os Cardeais s\u00e3o representantes na Igreja. O t\u00edtulo vem ainda, segundo o Papa, investir os Cardeais de novas e importantes responsabilidades eclesiais e \u00e9 um pedido de \u201csuplemento de disponibilidade para Cristo e para a comunidade crist\u00e3 inteira\u201d.<\/p>\n<p style=\"text-align: justify\">Bento XVI, enquanto meditava o trecho do evangelho, ressaltou o significado da festa lit\u00fargica deste domingo, a c\u00e1tedra de S\u00e3o Pedro, mostrando um elemento art\u00edstico muito conhecido e que estava diante dos olhos de todos os presentes na Bas\u00edlica Vaticana: o altar da c\u00e1tedra. \u201cQuando depois de percorrer a grandiosa nave central e ultrapassar o transepto, se chega \u00e0 abside, encontramo-nos perante um trono de bronze enorme, que parece suspenso em voo mas na realidade est\u00e1 sustentado por quatro est\u00e1tuas de grandes Padres da Igreja do Oriente e do Ocidente. E na janela oval, por cima do trono, resplandece a gl\u00f3ria do Esp\u00edrito Santo, envolvida por um triunfo de anjos suspensos no ar\u201d. Despois dessa descri\u00e7\u00e3o, o Papa pergunta: \u201cQue nos diz este conjunto escult\u00f3rico, nascido do g\u00eanio de Bernini?\u201d e responde, com voz firme: \u201cRepresenta uma vis\u00e3o da ess\u00eancia da Igreja e, no seio dela, do magist\u00e9rio petrino\u201d.<\/p>\n<p style=\"text-align: justify\">Prosseguindo a reflex\u00e3o, o Papa destacou: \u201ca Igreja n\u00e3o existe para si mesma, n\u00e3o \u00e9 o ponto de chegada, mas deve apontar para al\u00e9m de si, para o alto, acima de n\u00f3s\u201d. E, destacou: \u201cA Igreja \u00e9 o lugar onde Deus \u2018chega\u2019 a n\u00f3s e donde n\u00f3s \u2018partimos\u2019 para Ele\u201d. No final da homilia, concluindo a exposi\u00e7\u00e3o dos s\u00edmbolos do altar da C\u00e1tedra na Bas\u00edlica de S\u00e3o Pedro, Bento XVI disse: \u2018lancemos um ohar ao seu conjunto. Vemos que \u00e9 atravessado por um duplo movimento: de subida e de descida. A C\u00e1tedra aparece em grande destaque neste lugar, n\u00e3o s\u00f3 porque est\u00e1 aqui o t\u00famulo de Pedro, mas tamb\u00e9m porque ela encaminha para o amor de Deus. Com efeito, a f\u00e9 orienta-se para o amor. Uma f\u00e9 ego\u00edsta seria uma f\u00e9 n\u00e3o-verdadeira\u201d. E na conclus\u00e3o, o Papa disse: \u201cDeus n\u00e3o \u00e9 solid\u00e3o, mas amor glorioso e feliz, irradiante e luminoso\u201d.<\/p>\n","protected":false},"excerpt":{"rendered":"<p>Bento XVI voltou a se encontrar, neste domingo, 19 de fevereiro, com os novos Cardeais criados no Consist\u00f3rio de ontem de manh\u00e3. Ele presidiu a eucaristia e dirigiu uma palavra aos novatos diante dos quase 100 outros membros do Colegio Cardinal\u00edcio que vieram a Roma prestigiar o evento e atender o apelo do Santo Padre.<\/p>\n","protected":false},"author":83,"featured_media":27209,"comment_status":"open","ping_status":"open","sticky":false,"template":"","format":"standard","meta":{"site-sidebar-layout":"default","site-content-layout":"default","ast-global-header-display":"","ast-banner-title-visibility":"","ast-main-header-display":"","ast-hfb-above-header-display":"","ast-hfb-below-header-display":"","ast-hfb-mobile-header-display":"","site-post-title":"","ast-breadcrumbs-content":"","ast-featured-img":"","footer-sml-layout":"","theme-transparent-header-meta":"","adv-header-id-meta":"","stick-header-meta":"","header-above-stick-meta":"","header-main-stick-meta":"","header-below-stick-meta":""},"categories":[784],"tags":[],"acf":[],"_links":{"self":[{"href":"https:\/\/www.cnbb.org.br\/cnbb-app\/wp\/v2\/posts\/28258"}],"collection":[{"href":"https:\/\/www.cnbb.org.br\/cnbb-app\/wp\/v2\/posts"}],"about":[{"href":"https:\/\/www.cnbb.org.br\/cnbb-app\/wp\/v2\/types\/post"}],"author":[{"embeddable":true,"href":"https:\/\/www.cnbb.org.br\/cnbb-app\/wp\/v2\/users\/83"}],"replies":[{"embeddable":true,"href":"https:\/\/www.cnbb.org.br\/cnbb-app\/wp\/v2\/comments?post=28258"}],"version-history":[{"count":0,"href":"https:\/\/www.cnbb.org.br\/cnbb-app\/wp\/v2\/posts\/28258\/revisions"}],"wp:featuredmedia":[{"embeddable":true,"href":"https:\/\/www.cnbb.org.br\/cnbb-app\/wp\/v2\/media\/27209"}],"wp:attachment":[{"href":"https:\/\/www.cnbb.org.br\/cnbb-app\/wp\/v2\/media?parent=28258"}],"wp:term":[{"taxonomy":"category","embeddable":true,"href":"https:\/\/www.cnbb.org.br\/cnbb-app\/wp\/v2\/categories?post=28258"},{"taxonomy":"post_tag","embeddable":true,"href":"https:\/\/www.cnbb.org.br\/cnbb-app\/wp\/v2\/tags?post=28258"}],"curies":[{"name":"wp","href":"https:\/\/api.w.org\/{rel}","templated":true}]}}