{"id":28272,"date":"2012-04-07T00:00:00","date_gmt":"2012-04-07T03:00:00","guid":{"rendered":"https:\/\/www.cnbb.org.br\/bento-xvi-preside-cerimonia-da-paixao-do-senhor-2\/"},"modified":"2020-03-11T21:39:16","modified_gmt":"2020-03-12T00:39:16","slug":"bento-xvi-preside-cerimonia-da-paixao-do-senhor-2","status":"publish","type":"post","link":"https:\/\/www.cnbb.org.br\/bento-xvi-preside-cerimonia-da-paixao-do-senhor-2\/","title":{"rendered":"Bento XVI preside cerim\u00f4nia da Paix\u00e3o do Senhor"},"content":{"rendered":"<div style=\"text-align: justify\"><\/div>\n<div style=\"text-align: justify\">Nesta Sexta-feira Santa, 06\/04, o Papa Bento XVI presidiu a celebra\u00e7\u00e3o da \u201cPaix\u00e3o do Senhor\u201d na Bas\u00edlica de S\u00e3o Pedro. A homilia da cerim\u00f4nia foi feita pelo pregador da Casa Pontif\u00edcia, Frei Raniero Cantalamessa, que abordou a Paix\u00e3o de Cristo a partir de uma perspectiva atual, contudo, \u00e0 luz de fatos hist\u00f3ricos.<\/div>\n<p>  <!--more-->  <\/p>\n<div style=\"text-align: justify\">\u201cA liturgia &#8216;renova&#8217; o evento: quantas discuss\u00f5es, durante cinco s\u00e9culos at\u00e9 hoje, sobre o sentido desta palavra, especialmente quando \u00e9 aplicada ao sacrif\u00edcio da cruz e \u00e0 Missa! Paulo VI usou um verbo que poderia pavimentar o caminho para uma compreens\u00e3o ecum\u00eanica sobre tal argumento: o verbo \u201crepresentar\u201d, compreendido no sentido forte de reapresentar, ou seja, tornar novamente presente e operante o acontecido\u201d, afirmou o pregador.<\/div>\n<div style=\"text-align: justify\">Cantalamessa reiterou que nesta Sexta-feira Santa \u201cn\u00e3o estamos apenas comemorando um anivers\u00e1rio, mas um mist\u00e9rio. \u00c9 ainda Santo Agostinho que explica a diferen\u00e7a entre as duas coisas. Na celebra\u00e7\u00e3o \u201c\u00e0 maneira de anivers\u00e1rio\u201d, n\u00e3o se pede outra coisa \u2013 diz \u2013 mais do que \u201cindicar com uma solenidade religiosa o dia do ano no qual cai a lembran\u00e7a do mesmo acontecimento\u201d; na celebra\u00e7\u00e3o a modo de mist\u00e9rio (\u201cem sacramento\u201d), \u201cn\u00e3o somente se comemora um acontecimento, mas \u00e9 feito tamb\u00e9m de tal forma que se entenda o seu significado e seja acolhido santamente\u201d.<\/div>\n<div style=\"text-align: justify\">No in\u00edcio da noite, o papa Bento XVI deixou o Vaticano e se dirigiu at\u00e9 o Coliseu de Roma para participar da medita\u00e7\u00e3o da Via Sacra. No S\u00e1bado Santo ele preside a Vig\u00edlia Pascal \u2013 a mais importante celebra\u00e7\u00e3o do ano para os cat\u00f3licos. No domingo de P\u00e1scoa, Bento XVI preside na Pra\u00e7a S\u00e3o Pedro a Missa de P\u00e1scoa, no final da qual o Papa ir\u00e1 conceder a tradicional B\u00ean\u00e7\u00e3o \u2018Urbi et Orbi\u2019 (\u00e0 cidade e ao mundo).<\/div>\n<div style=\"text-align: justify\">Encerrando as cerim\u00f4nias solenes dos dias da P\u00e1scoa, nesta segunda-feira &#8211; quando \u00e9 feriado na It\u00e1lia e em alguns pa\u00edses europeus &#8211; Bento XVI falar\u00e1 aos fi\u00e9is reunidos na pra\u00e7a de S\u00e3o Pedro, como costuma fazer aos domingos, a partir da janela dos seus aposentos. Ele dirigir\u00e1 uma palavra e entoar\u00e1 o canto da ant\u00edfona mariana do tempo pascal \u2013 o Regina Coeli.<\/div>\n","protected":false},"excerpt":{"rendered":"<p>Nesta Sexta-feira Santa, 06\/04, o Papa Bento XVI presidiu a celebra\u00e7\u00e3o da \u201cPaix\u00e3o do Senhor\u201d na Bas\u00edlica de S\u00e3o Pedro. A homilia da cerim\u00f4nia foi feita pelo pregador da Casa Pontif\u00edcia, Frei Raniero Cantalamessa, que abordou a Paix\u00e3o de Cristo a partir de uma perspectiva atual, contudo, \u00e0 luz de fatos hist\u00f3ricos.<\/p>\n","protected":false},"author":83,"featured_media":9175,"comment_status":"open","ping_status":"open","sticky":false,"template":"","format":"standard","meta":{"site-sidebar-layout":"default","site-content-layout":"default","ast-global-header-display":"","ast-banner-title-visibility":"","ast-main-header-display":"","ast-hfb-above-header-display":"","ast-hfb-below-header-display":"","ast-hfb-mobile-header-display":"","site-post-title":"","ast-breadcrumbs-content":"","ast-featured-img":"","footer-sml-layout":"","theme-transparent-header-meta":"","adv-header-id-meta":"","stick-header-meta":"","header-above-stick-meta":"","header-main-stick-meta":"","header-below-stick-meta":""},"categories":[784],"tags":[],"acf":[],"_links":{"self":[{"href":"https:\/\/www.cnbb.org.br\/cnbb-app\/wp\/v2\/posts\/28272"}],"collection":[{"href":"https:\/\/www.cnbb.org.br\/cnbb-app\/wp\/v2\/posts"}],"about":[{"href":"https:\/\/www.cnbb.org.br\/cnbb-app\/wp\/v2\/types\/post"}],"author":[{"embeddable":true,"href":"https:\/\/www.cnbb.org.br\/cnbb-app\/wp\/v2\/users\/83"}],"replies":[{"embeddable":true,"href":"https:\/\/www.cnbb.org.br\/cnbb-app\/wp\/v2\/comments?post=28272"}],"version-history":[{"count":0,"href":"https:\/\/www.cnbb.org.br\/cnbb-app\/wp\/v2\/posts\/28272\/revisions"}],"wp:featuredmedia":[{"embeddable":true,"href":"https:\/\/www.cnbb.org.br\/cnbb-app\/wp\/v2\/media\/9175"}],"wp:attachment":[{"href":"https:\/\/www.cnbb.org.br\/cnbb-app\/wp\/v2\/media?parent=28272"}],"wp:term":[{"taxonomy":"category","embeddable":true,"href":"https:\/\/www.cnbb.org.br\/cnbb-app\/wp\/v2\/categories?post=28272"},{"taxonomy":"post_tag","embeddable":true,"href":"https:\/\/www.cnbb.org.br\/cnbb-app\/wp\/v2\/tags?post=28272"}],"curies":[{"name":"wp","href":"https:\/\/api.w.org\/{rel}","templated":true}]}}