{"id":28306,"date":"2012-09-26T00:00:00","date_gmt":"2012-09-26T03:00:00","guid":{"rendered":"https:\/\/www.cnbb.org.br\/depois-de-dois-meses-papa-retorna-a-praca-sao-pedro-2\/"},"modified":"2012-09-26T00:00:00","modified_gmt":"2012-09-26T03:00:00","slug":"depois-de-dois-meses-papa-retorna-a-praca-sao-pedro-2","status":"publish","type":"post","link":"https:\/\/www.cnbb.org.br\/depois-de-dois-meses-papa-retorna-a-praca-sao-pedro-2\/","title":{"rendered":"Depois de dois meses, Papa retorna \u00e0 Pra\u00e7a S\u00e3o Pedro"},"content":{"rendered":"<p style=\"text-align: justify\">Liturgia, escola de ora\u00e7\u00e3o: este foi o tema da catequese de Bento XVI, proferida diante de 25 mil fi\u00e9is na Pra\u00e7a S\u00e3o Pedro, na manh\u00e3 desta 4\u00aa feira. \u201c\u00c9 o pr\u00f3prio Senhor que nos ensina a rezar\u201d \u2013 afirmou o Pont\u00edfice.<\/p>\n<p>  <!--more-->  <\/p>\n<p style=\"text-align: justify\">O Papa disse que \u201cna realidade, somente em Cristo o homem \u00e9 capaz de se unir a Deus com a profundidade e a intimidade que um filho tem com seu pai. E explicou que \u201cpara aprender a viver com mais intensidade a rela\u00e7\u00e3o pessoal com Deus Uno e Trino, aprendemos a invocar o Esp\u00edrito Santo, primeiro dom do Ressuscitado aos que creem\u201d. \u201cNa leitura e na medita\u00e7\u00e3o das Escrituras, o Esp\u00edrito Santo nos ensina a rezar\u201d, completou.<\/p>\n<p style=\"text-align: justify\">A ideia central expressa pelo Pont\u00edfice \u00e9 que existe outra fonte para crescer na ora\u00e7\u00e3o, estritamente relacionada \u00e0 precedente: a Liturgia, \u00e2mbito privilegiado em que Deus fala com cada um de n\u00f3s e aguarda nossas respostas.<\/p>\n<p style=\"text-align: justify\">Mas o que \u00e9 a Liturgia? Segundo a tradi\u00e7\u00e3o crist\u00e3 \u2013 como indicado no Catecismo da Igreja Cat\u00f3lica \u2013 significa a participa\u00e7\u00e3o do Povo de Deus na obra de Deus. E de que obra de Deus somos chamados a participar? O Conc\u00edlio Vaticano indica duas respostas: a primeira s\u00e3o as a\u00e7\u00f5es hist\u00f3ricas que nos salvam, culminadas na Morte e Ressurrei\u00e7\u00e3o de Jesus Cristo; e a segunda, na celebra\u00e7\u00e3o da liturgia como \u00abobra de Cristo\u00bb.<\/p>\n<p style=\"text-align: justify\">Os dois significados s\u00e3o inseparavelmente ligados, e se resumem na a\u00e7\u00e3o de Cristo atrav\u00e9s da Igreja, especialmente no Sacramento da Eucaristia, no Sacramento da Reconcilia\u00e7\u00e3o e em outros atos sacramentais que nos santificam. Assim, o Mist\u00e9rio Pascal da Morte e Ressurrei\u00e7\u00e3o de Cristo foi o centro da teologia lit\u00fargica do Conc\u00edlio. De fato, o Papa recordou que o esquema da Liturgia foi o primeiro tema discutido no Conc\u00edlio Vaticano II, e tamb\u00e9m o primeiro a ser aprovado.<\/p>\n<p style=\"text-align: justify\">Citando mais uma vez o Catecismo, Bento XVI lembrou que \u201ctoda celebra\u00e7\u00e3o sacramental \u00e9 um encontro dos filhos com Deus e com o seu Pai, em Cristo e no Esp\u00edrito Santo, e tal encontro se realiza no di\u00e1logo, por meio de a\u00e7\u00f5es e palavras\u201d. \u201cPortanto, a primeira condi\u00e7\u00e3o para uma boa celebra\u00e7\u00e3o lit\u00fargica \u00e9 que haja ora\u00e7\u00e3o e conversa com Deus: escuta e resposta. E o elemento fundamental, prim\u00e1rio, do di\u00e1logo com Deus na liturgia, \u00e9 a concord\u00e2ncia entre o que dizemos com os l\u00e1bios e o que trazemos em nosso cora\u00e7\u00e3o. Concluindo o discurso, o Papa insistiu que com esta atitude, nossos cora\u00e7\u00f5es estar\u00e3o livres dos fardos deste mundo e subir\u00e3o ao alto, rumo \u00e0 verdade e ao amor.<\/p>\n<p style=\"text-align: justify\">Ap\u00f3s a catequese em italiano, Bento XVI fez resumos do texto em v\u00e1rias l\u00ednguas, inclusive em portugu\u00eas:<\/p>\n<p style=\"text-align: justify\">\u201cAo tratar o tema da ora\u00e7\u00e3o, nestes \u00faltimos meses, procuramos aprender a rezar de modo cada vez mais aut\u00eantico, fixando o olhar em algumas grandes figuras, especialmente no exemplo de Jesus, cientes de que somente Ele \u00e9 capaz de nos unir a Deus com a profundidade e intimidade de filhos que Lhe podem chamar: Abba, Pai. Pois bem! Um \u00e2mbito privilegiado, onde Deus fala a cada um de n\u00f3s e espera a nossa resposta \u00e9 a liturgia. Nesta, o povo fiel toma parte na obra de Deus, isto \u00e9 nas a\u00e7\u00f5es por Ele realizadas na hist\u00f3ria humana que nos trazem a salva\u00e7\u00e3o e que culminam na Morte e Ressurrei\u00e7\u00e3o de Jesus. A liturgia \u00e9 o \u00abespa\u00e7o\u00bb onde o Mist\u00e9rio da Morte e Ressurrei\u00e7\u00e3o se torna atual, se faz presente no meu hoje, atrav\u00e9s da a\u00e7\u00e3o de Cristo na Igreja. Por isso, cada celebra\u00e7\u00e3o lit\u00fargica, especialmente a Eucaristia, \u00e9 um encontro dos filhos de Deus com o seu Pai, por Cristo e no Esp\u00edrito Santo.<\/p>\n<p style=\"text-align: justify\">Queridos peregrinos de l\u00edngua portuguesa, a todos v\u00f3s dirijo uma calorosa sauda\u00e7\u00e3o! Particularmente, sa\u00fado os membros da Ordem de Cavalaria do Santo Sepulcro de Jerusal\u00e9m e todos os grupos vindos do Brasil. Tende por centro da vossa vida de ora\u00e7\u00e3o a liturgia, que vos une ao Mist\u00e9rio de Cristo e ao Seu di\u00e1logo com o Pai, procurando que concordem as palavras de vossos l\u00e1bios com os sentimentos do cora\u00e7\u00e3o. E que des\u00e7a sobre v\u00f3s as b\u00ean\u00e7\u00e3os de Deus\u201d.<\/p>\n<p style=\"text-align: justify\">Antes de encerrar o encontro, o Papa recordou que hoje celebramos a mem\u00f3ria dos santos m\u00e9dicos Cosme e Dami\u00e3o. Bento XVI pediu aos jovens que ajudem a curar os sofrimentos dos irm\u00e3os com carinho, e confortou os doentes afirmando que a melhor terapia \u00e9 a confian\u00e7a em Deus, a quem falamos com a ora\u00e7\u00e3o.<\/p>\n","protected":false},"excerpt":{"rendered":"<p>Liturgia, escola de ora\u00e7\u00e3o: este foi o tema da catequese de Bento XVI, proferida diante de 25 mil fi\u00e9is na Pra\u00e7a S\u00e3o Pedro, na manh\u00e3 desta 4\u00aa feira. \u201c\u00c9 o pr\u00f3prio Senhor que nos ensina a rezar\u201d \u2013 afirmou o Pont\u00edfice.<\/p>\n","protected":false},"author":83,"featured_media":27248,"comment_status":"open","ping_status":"open","sticky":false,"template":"","format":"standard","meta":{"site-sidebar-layout":"default","site-content-layout":"default","ast-global-header-display":"","ast-banner-title-visibility":"","ast-main-header-display":"","ast-hfb-above-header-display":"","ast-hfb-below-header-display":"","ast-hfb-mobile-header-display":"","site-post-title":"","ast-breadcrumbs-content":"","ast-featured-img":"","footer-sml-layout":"","theme-transparent-header-meta":"","adv-header-id-meta":"","stick-header-meta":"","header-above-stick-meta":"","header-main-stick-meta":"","header-below-stick-meta":""},"categories":[784],"tags":[],"acf":[],"_links":{"self":[{"href":"https:\/\/www.cnbb.org.br\/cnbb-app\/wp\/v2\/posts\/28306"}],"collection":[{"href":"https:\/\/www.cnbb.org.br\/cnbb-app\/wp\/v2\/posts"}],"about":[{"href":"https:\/\/www.cnbb.org.br\/cnbb-app\/wp\/v2\/types\/post"}],"author":[{"embeddable":true,"href":"https:\/\/www.cnbb.org.br\/cnbb-app\/wp\/v2\/users\/83"}],"replies":[{"embeddable":true,"href":"https:\/\/www.cnbb.org.br\/cnbb-app\/wp\/v2\/comments?post=28306"}],"version-history":[{"count":0,"href":"https:\/\/www.cnbb.org.br\/cnbb-app\/wp\/v2\/posts\/28306\/revisions"}],"wp:featuredmedia":[{"embeddable":true,"href":"https:\/\/www.cnbb.org.br\/cnbb-app\/wp\/v2\/media\/27248"}],"wp:attachment":[{"href":"https:\/\/www.cnbb.org.br\/cnbb-app\/wp\/v2\/media?parent=28306"}],"wp:term":[{"taxonomy":"category","embeddable":true,"href":"https:\/\/www.cnbb.org.br\/cnbb-app\/wp\/v2\/categories?post=28306"},{"taxonomy":"post_tag","embeddable":true,"href":"https:\/\/www.cnbb.org.br\/cnbb-app\/wp\/v2\/tags?post=28306"}],"curies":[{"name":"wp","href":"https:\/\/api.w.org\/{rel}","templated":true}]}}